{"id":968,"date":"2022-11-04T10:35:02","date_gmt":"2022-11-04T13:35:02","guid":{"rendered":"https:\/\/dynamicenergy.com.ar\/noticias\/?p=968"},"modified":"2022-11-04T10:35:02","modified_gmt":"2022-11-04T13:35:02","slug":"boom-de-energias-renovables-en-el-sector-publico","status":"publish","type":"post","link":"https:\/\/dynamicenergy.com.ar\/noticias\/boom-de-energias-renovables-en-el-sector-publico\/","title":{"rendered":"Boom de renovables en el sector p\u00fablico"},"content":{"rendered":"<p>El GCBA firm\u00f3 un convenio con CADER para incorporar energ\u00edas renovables en edificios de la ciudad. El Aeropuerto de Ezeiza iniciar\u00e1 un proceso de sustentabilidad mediante energ\u00edas renovables en febrero de 2023. La Provincia de Buenos Aires prepara el terreno para adherirse a la Ley de Nacional de Generaci\u00f3n Distribuida. <!--more--><\/p>\n<p>En el marco de la Cumbre Mundial de Alcaldes de C40, el evento m\u00e1s importante a nivel global sobre ciudades y cambio clim\u00e1tico, el <strong>Gobierno de la Ciudad de Buenos Aires firm\u00f3 un convenio con la C\u00e1mara Argentina de Energ\u00edas Renovables (CADER)<\/strong>, mediante el cual recibir\u00eda asesoramiento en la adquisic\u00f3n de tecnolog\u00edas para energ\u00edas renovables a incorporar en los edificios p\u00fablicos de la Ciudad.<\/p>\n<h1>El proyecto de CABA<\/h1>\n<p>Seg\u00fan palabras del jefe de Gabinete de CABA, Felipe Miguel, el objetivo es, por un lado, reducir las emisiones de carbono a la mitad para el 2030 y, por otro, ser una ciudad carbono neutral en 2050. El presidente de CADER, Santiago Sajaroff, declar\u00f3 que el trabajo de la C\u00e1mara es <strong>fomentar el crecimiento de la industria de renovables en pos de un futuro descarbonizado<\/strong>, apoyando y asesorando a entidades en ese camino. Es por esto que el GCBA se encuentra en proceso de incorporar energ\u00edas renovables en 17 edificios p\u00fablicos (los de mayores consumos) de la Capital Federal.<\/p>\n<h1>Ezeiza y una nueva terminal<\/h1>\n<p>El <strong>aeropuerto de Ezeiza confirm\u00f3 que en febrero de 2023 comenzar\u00e1 con un proceso de sustentabilidad<\/strong> que contempla abastecerse de energ\u00edas renovables, enmarcados en una pol\u00edtica orientada a reducir las emisiones de carbono. Aeropuertos Argentina 2000 (empresa que gestiona el parque) lanz\u00f3 un comunicado en el cual informa el acuerdo con Genneia para proveer al 100% la nueva terminal de partidas que se inaugurar\u00e1 en el primer trimestre del a\u00f1o pr\u00f3ximo.<br \/>\nEl suministro superar\u00e1 m\u00e1s del 90% del consumo utilizado en toda la estructura del aeropuerto, a partir de inaugurada la ampliaci\u00f3n de Ezeiza y forma parte de un plan de reactivaci\u00f3n del predio y sus mejoras tras la pandemia, que golpe\u00f3 fuertemente al sector.<\/p>\n<h1>El gobierno bonaerense afianza el terreno<\/h1>\n<p>Por su parte, <strong>la provincia de Buenos Aires se encuentra en v\u00edas de adherirse a la Ley Nacional de Generaci\u00f3n Distribuida (Ley N\u00b0 27.424).<\/strong> El gobierno debe concretar la reglamentaci\u00f3n para este fin, que incluye la creaci\u00f3n de un Registro de Usuarios-Generadores de Energ\u00eda Renovable, donde deber\u00e1n inscribirse aquellos Usuarios-Generadores de EDENOR y EDESUR que ya se encuentran adheridos en el marco de la ley nacional si desean acceder a los beneficios provinciales. Los <strong>Usuarios-Generadores de Buenos Aires representan el 22% de la capacidad instalada a nivel nacional<\/strong>, n\u00famero que podr\u00eda aumentar por el gran potencial bonaerense para ser parte de la generaci\u00f3n distribuida en Argentina.<\/p>\n<p>Nuestro pa\u00eds se encuentra alcanzando los <strong>1.000 Usuarios-Generadores<\/strong> seg\u00fan el ultimo reporte de avance de la Secretar\u00eda de Energ\u00eda de la Naci\u00f3n, en el marco de la Ley 27.424, acumulando <strong>16.775 KW conectados a la red<\/strong> mediante un medidor bidireccional en los 14 territorios adheridos a la ley nacional.<\/p>\n<p>\u2026\u2026\u2026\u2026\u2026\u2026\u2026\u2026\u2026\u2026\u2026\u2026\u2026\u2026\u2026\u2026\u2026\u2026\u2026\u2026\u2026\u2026\u2026\u2026\u2026\u2026\u2026\u2026\u2026\u2026\u2026\u2026\u2026\u2026\u2026\u2026\u2026\u2026\u2026\u2026\u2026\u2026\u2026\u2026\u2026\u2026\u2026\u2026\u2026\u2026\u2026\u2026\u2026\u2026\u2026\u2026\u2026\u2026\u2026\u2026\u2026\u2026\u2026\u2026<\/p>\n<p>En <strong>Dynamic Energy Argentina<\/strong> nos encargamos del proyecto, instalaci\u00f3n y puesta en marcha de todo tipo de sistemas fotovoltaicos. Solicitud de Medidores Bidireccionales, Proyecto de Montaje y C\u00e1lculo de Generaci\u00f3n, Provisi\u00f3n Completa del Sistema de Generaci\u00f3n Distribuida, Sistemas H\u00edbridos con Almacenaje (para cortes de energ\u00eda) y Sistemas Off Grid son algunos de nuestros servicios. Con m\u00e1s de 10 a\u00f1os de experiencia, nuestro trabajo est\u00e1 respaldado por la calidad que nos distingue y el fomento del uso de energ\u00edas renovables en el pa\u00eds.<\/p>\n<p>\u00bfQuer\u00e9s conocer sobre los <strong>servicios que brinda Dynamic Energy en materia de <a href=\"https:\/\/dynamicenergy.com.ar\/noticias\/cuales-son-las-ventajas-y-desventajas-de-las-energias-renovables\/\">energ\u00edas renovables<\/a><\/strong>? Hace <strong>click\u00a0<a href=\"https:\/\/www.dynamicenergy.com.ar\/Sistema-fotovoltaico.html\">aqu\u00ed<\/a><\/strong>\u00a0o contactanos al mail\u00a0<strong><a href=\"mailto:info@dynamicenergy.com.ar\" target=\"_blank\" rel=\"noopener\">info@dynamicenergy.com.ar<\/a><\/strong><\/p>\n","protected":false},"excerpt":{"rendered":"<p>El GCBA firm\u00f3 un convenio con CADER para incorporar energ\u00edas renovables en edificios de la ciudad. El Aeropuerto de Ezeiza iniciar\u00e1 un proceso de sustentabilidad mediante energ\u00edas renovables en febrero de 2023. La Provincia de Buenos Aires prepara el terreno para adherirse a la Ley de Nacional de Generaci\u00f3n Distribuida.<\/p>\n","protected":false},"author":2,"featured_media":989,"comment_status":"open","ping_status":"open","sticky":false,"template":"","format":"standard","meta":{"footnotes":""},"categories":[1],"tags":[121,11,120,118,65,119],"class_list":["post-968","post","type-post","status-publish","format-standard","has-post-thumbnail","hentry","category-noticias","tag-buenos-aires","tag-energia-renovable","tag-energia-solar-fotovoltaica","tag-energias-renov","tag-generacion-distribuida","tag-sector-publico"],"yoast_head":"<!-- This site is optimized with the Yoast SEO plugin v19.4 - https:\/\/yoast.com\/wordpress\/plugins\/seo\/ -->\n<title>Boom de renovables en el sector p\u00fablico - Dynamic Energy News<\/title>\n<meta name=\"description\" content=\"CABA, Ezeiza y la Provincia de Buenos Aires se suman a la generaci\u00f3n mediante energ\u00edas renovables para abastecerse.\" \/>\n<meta name=\"robots\" content=\"index, follow, max-snippet:-1, max-image-preview:large, max-video-preview:-1\" \/>\n<link rel=\"canonical\" href=\"https:\/\/dynamicenergy.com.ar\/noticias\/boom-de-energias-renovables-en-el-sector-publico\/\" \/>\n<meta property=\"og:locale\" content=\"es_ES\" \/>\n<meta property=\"og:type\" content=\"article\" \/>\n<meta property=\"og:title\" content=\"Boom de renovables en el sector p\u00fablico - Dynamic Energy News\" \/>\n<meta property=\"og:description\" content=\"CABA, Ezeiza y la Provincia de Buenos Aires se suman a la generaci\u00f3n mediante energ\u00edas renovables para abastecerse.\" \/>\n<meta property=\"og:url\" content=\"https:\/\/dynamicenergy.com.ar\/noticias\/boom-de-energias-renovables-en-el-sector-publico\/\" \/>\n<meta property=\"og:site_name\" content=\"Dynamic Energy News\" \/>\n<meta property=\"article:published_time\" content=\"2022-11-04T13:35:02+00:00\" \/>\n<meta property=\"og:image\" content=\"https:\/\/dynamicenergy.com.ar\/noticias\/wp-content\/uploads\/2022\/11\/Blog-Wordpress-Portadas-Dynamic.png\" \/>\n\t<meta property=\"og:image:width\" content=\"1200\" \/>\n\t<meta property=\"og:image:height\" content=\"900\" \/>\n\t<meta property=\"og:image:type\" content=\"image\/png\" \/>\n<meta name=\"author\" content=\"Prensa Dynamic Energy\" \/>\n<meta name=\"twitter:card\" content=\"summary_large_image\" \/>\n<meta name=\"twitter:label1\" content=\"Escrito por\" \/>\n\t<meta name=\"twitter:data1\" content=\"Prensa Dynamic Energy\" \/>\n\t<meta name=\"twitter:label2\" content=\"Tiempo de lectura\" \/>\n\t<meta name=\"twitter:data2\" content=\"3 minutos\" \/>\n<script type=\"application\/ld+json\" class=\"yoast-schema-graph\">{\"@context\":\"https:\/\/schema.org\",\"@graph\":[{\"@type\":\"Organization\",\"@id\":\"https:\/\/dynamicenergy.com.ar\/noticias\/#organization\",\"name\":\"Dynamic Energy\",\"url\":\"https:\/\/dynamicenergy.com.ar\/noticias\/\",\"sameAs\":[],\"logo\":{\"@type\":\"ImageObject\",\"inLanguage\":\"es\",\"@id\":\"https:\/\/dynamicenergy.com.ar\/noticias\/#\/schema\/logo\/image\/\",\"url\":\"https:\/\/dynamicenergy.com.ar\/noticias\/wp-content\/uploads\/2023\/01\/logo-dynamic-png.png\",\"contentUrl\":\"https:\/\/dynamicenergy.com.ar\/noticias\/wp-content\/uploads\/2023\/01\/logo-dynamic-png.png\",\"width\":1742,\"height\":375,\"caption\":\"Dynamic Energy\"},\"image\":{\"@id\":\"https:\/\/dynamicenergy.com.ar\/noticias\/#\/schema\/logo\/image\/\"}},{\"@type\":\"WebSite\",\"@id\":\"https:\/\/dynamicenergy.com.ar\/noticias\/#website\",\"url\":\"https:\/\/dynamicenergy.com.ar\/noticias\/\",\"name\":\"Dynamic Energy News\",\"description\":\"Las noticias m\u00e1s importantes del sector energ\u00e9tico\",\"publisher\":{\"@id\":\"https:\/\/dynamicenergy.com.ar\/noticias\/#organization\"},\"potentialAction\":[{\"@type\":\"SearchAction\",\"target\":{\"@type\":\"EntryPoint\",\"urlTemplate\":\"https:\/\/dynamicenergy.com.ar\/noticias\/?s={search_term_string}\"},\"query-input\":\"required name=search_term_string\"}],\"inLanguage\":\"es\"},{\"@type\":\"WebPage\",\"@id\":\"https:\/\/dynamicenergy.com.ar\/noticias\/boom-de-energias-renovables-en-el-sector-publico\/\",\"url\":\"https:\/\/dynamicenergy.com.ar\/noticias\/boom-de-energias-renovables-en-el-sector-publico\/\",\"name\":\"Boom de renovables en el sector p\u00fablico - Dynamic Energy News\",\"isPartOf\":{\"@id\":\"https:\/\/dynamicenergy.com.ar\/noticias\/#website\"},\"datePublished\":\"2022-11-04T13:35:02+00:00\",\"dateModified\":\"2022-11-04T13:35:02+00:00\",\"description\":\"CABA, Ezeiza y la Provincia de Buenos Aires se suman a la generaci\u00f3n mediante energ\u00edas renovables para abastecerse.\",\"breadcrumb\":{\"@id\":\"https:\/\/dynamicenergy.com.ar\/noticias\/boom-de-energias-renovables-en-el-sector-publico\/#breadcrumb\"},\"inLanguage\":\"es\",\"potentialAction\":[{\"@type\":\"ReadAction\",\"target\":[\"https:\/\/dynamicenergy.com.ar\/noticias\/boom-de-energias-renovables-en-el-sector-publico\/\"]}]},{\"@type\":\"BreadcrumbList\",\"@id\":\"https:\/\/dynamicenergy.com.ar\/noticias\/boom-de-energias-renovables-en-el-sector-publico\/#breadcrumb\",\"itemListElement\":[{\"@type\":\"ListItem\",\"position\":1,\"name\":\"Portada\",\"item\":\"https:\/\/dynamicenergy.com.ar\/noticias\/\"},{\"@type\":\"ListItem\",\"position\":2,\"name\":\"Boom de renovables en el sector p\u00fablico\"}]},{\"@type\":\"Article\",\"@id\":\"https:\/\/dynamicenergy.com.ar\/noticias\/boom-de-energias-renovables-en-el-sector-publico\/#article\",\"isPartOf\":{\"@id\":\"https:\/\/dynamicenergy.com.ar\/noticias\/boom-de-energias-renovables-en-el-sector-publico\/\"},\"author\":{\"name\":\"Prensa Dynamic Energy\",\"@id\":\"https:\/\/dynamicenergy.com.ar\/noticias\/#\/schema\/person\/2e8effa778a9a23aeb68689db1df49da\"},\"headline\":\"Boom de renovables en el sector p\u00fablico\",\"datePublished\":\"2022-11-04T13:35:02+00:00\",\"dateModified\":\"2022-11-04T13:35:02+00:00\",\"mainEntityOfPage\":{\"@id\":\"https:\/\/dynamicenergy.com.ar\/noticias\/boom-de-energias-renovables-en-el-sector-publico\/\"},\"wordCount\":648,\"commentCount\":0,\"publisher\":{\"@id\":\"https:\/\/dynamicenergy.com.ar\/noticias\/#organization\"},\"keywords\":[\"Buenos Aires\",\"energ\u00eda renovable\",\"energ\u00eda solar fotovoltaica\",\"energ\u00edas renov\",\"generaci\u00f3n distribuida\",\"sector p\u00fablico\"],\"articleSection\":[\"Noticias\"],\"inLanguage\":\"es\",\"potentialAction\":[{\"@type\":\"CommentAction\",\"name\":\"Comment\",\"target\":[\"https:\/\/dynamicenergy.com.ar\/noticias\/boom-de-energias-renovables-en-el-sector-publico\/#respond\"]}]},{\"@type\":\"Person\",\"@id\":\"https:\/\/dynamicenergy.com.ar\/noticias\/#\/schema\/person\/2e8effa778a9a23aeb68689db1df49da\",\"name\":\"Prensa Dynamic Energy\",\"image\":{\"@type\":\"ImageObject\",\"inLanguage\":\"es\",\"@id\":\"https:\/\/dynamicenergy.com.ar\/noticias\/#\/schema\/person\/image\/\",\"url\":\"https:\/\/secure.gravatar.com\/avatar\/e59a223c475fada7a3b07ec0412e36881cf8c13443ce0ecfa748ff8c339f88b6?s=96&d=mm&r=g\",\"contentUrl\":\"https:\/\/secure.gravatar.com\/avatar\/e59a223c475fada7a3b07ec0412e36881cf8c13443ce0ecfa748ff8c339f88b6?s=96&d=mm&r=g\",\"caption\":\"Prensa Dynamic Energy\"},\"sameAs\":[\"https:\/\/dynamicenergy.com.ar\/blog\/\"],\"url\":\"https:\/\/dynamicenergy.com.ar\/noticias\/author\/laura\/\"}]}<\/script>\n<!-- \/ Yoast SEO plugin. -->","yoast_head_json":{"title":"Boom de renovables en el sector p\u00fablico - Dynamic Energy News","description":"CABA, Ezeiza y la Provincia de Buenos Aires se suman a la generaci\u00f3n mediante energ\u00edas renovables para abastecerse.","robots":{"index":"index","follow":"follow","max-snippet":"max-snippet:-1","max-image-preview":"max-image-preview:large","max-video-preview":"max-video-preview:-1"},"canonical":"https:\/\/dynamicenergy.com.ar\/noticias\/boom-de-energias-renovables-en-el-sector-publico\/","og_locale":"es_ES","og_type":"article","og_title":"Boom de renovables en el sector p\u00fablico - Dynamic Energy News","og_description":"CABA, Ezeiza y la Provincia de Buenos Aires se suman a la generaci\u00f3n mediante energ\u00edas renovables para abastecerse.","og_url":"https:\/\/dynamicenergy.com.ar\/noticias\/boom-de-energias-renovables-en-el-sector-publico\/","og_site_name":"Dynamic Energy News","article_published_time":"2022-11-04T13:35:02+00:00","og_image":[{"width":1200,"height":900,"url":"https:\/\/dynamicenergy.com.ar\/noticias\/wp-content\/uploads\/2022\/11\/Blog-Wordpress-Portadas-Dynamic.png","type":"image\/png"}],"author":"Prensa Dynamic Energy","twitter_card":"summary_large_image","twitter_misc":{"Escrito por":"Prensa Dynamic Energy","Tiempo de lectura":"3 minutos"},"schema":{"@context":"https:\/\/schema.org","@graph":[{"@type":"Organization","@id":"https:\/\/dynamicenergy.com.ar\/noticias\/#organization","name":"Dynamic Energy","url":"https:\/\/dynamicenergy.com.ar\/noticias\/","sameAs":[],"logo":{"@type":"ImageObject","inLanguage":"es","@id":"https:\/\/dynamicenergy.com.ar\/noticias\/#\/schema\/logo\/image\/","url":"https:\/\/dynamicenergy.com.ar\/noticias\/wp-content\/uploads\/2023\/01\/logo-dynamic-png.png","contentUrl":"https:\/\/dynamicenergy.com.ar\/noticias\/wp-content\/uploads\/2023\/01\/logo-dynamic-png.png","width":1742,"height":375,"caption":"Dynamic Energy"},"image":{"@id":"https:\/\/dynamicenergy.com.ar\/noticias\/#\/schema\/logo\/image\/"}},{"@type":"WebSite","@id":"https:\/\/dynamicenergy.com.ar\/noticias\/#website","url":"https:\/\/dynamicenergy.com.ar\/noticias\/","name":"Dynamic Energy News","description":"Las noticias m\u00e1s importantes del sector energ\u00e9tico","publisher":{"@id":"https:\/\/dynamicenergy.com.ar\/noticias\/#organization"},"potentialAction":[{"@type":"SearchAction","target":{"@type":"EntryPoint","urlTemplate":"https:\/\/dynamicenergy.com.ar\/noticias\/?s={search_term_string}"},"query-input":"required name=search_term_string"}],"inLanguage":"es"},{"@type":"WebPage","@id":"https:\/\/dynamicenergy.com.ar\/noticias\/boom-de-energias-renovables-en-el-sector-publico\/","url":"https:\/\/dynamicenergy.com.ar\/noticias\/boom-de-energias-renovables-en-el-sector-publico\/","name":"Boom de renovables en el sector p\u00fablico - Dynamic Energy News","isPartOf":{"@id":"https:\/\/dynamicenergy.com.ar\/noticias\/#website"},"datePublished":"2022-11-04T13:35:02+00:00","dateModified":"2022-11-04T13:35:02+00:00","description":"CABA, Ezeiza y la Provincia de Buenos Aires se suman a la generaci\u00f3n mediante energ\u00edas renovables para abastecerse.","breadcrumb":{"@id":"https:\/\/dynamicenergy.com.ar\/noticias\/boom-de-energias-renovables-en-el-sector-publico\/#breadcrumb"},"inLanguage":"es","potentialAction":[{"@type":"ReadAction","target":["https:\/\/dynamicenergy.com.ar\/noticias\/boom-de-energias-renovables-en-el-sector-publico\/"]}]},{"@type":"BreadcrumbList","@id":"https:\/\/dynamicenergy.com.ar\/noticias\/boom-de-energias-renovables-en-el-sector-publico\/#breadcrumb","itemListElement":[{"@type":"ListItem","position":1,"name":"Portada","item":"https:\/\/dynamicenergy.com.ar\/noticias\/"},{"@type":"ListItem","position":2,"name":"Boom de renovables en el sector p\u00fablico"}]},{"@type":"Article","@id":"https:\/\/dynamicenergy.com.ar\/noticias\/boom-de-energias-renovables-en-el-sector-publico\/#article","isPartOf":{"@id":"https:\/\/dynamicenergy.com.ar\/noticias\/boom-de-energias-renovables-en-el-sector-publico\/"},"author":{"name":"Prensa Dynamic Energy","@id":"https:\/\/dynamicenergy.com.ar\/noticias\/#\/schema\/person\/2e8effa778a9a23aeb68689db1df49da"},"headline":"Boom de renovables en el sector p\u00fablico","datePublished":"2022-11-04T13:35:02+00:00","dateModified":"2022-11-04T13:35:02+00:00","mainEntityOfPage":{"@id":"https:\/\/dynamicenergy.com.ar\/noticias\/boom-de-energias-renovables-en-el-sector-publico\/"},"wordCount":648,"commentCount":0,"publisher":{"@id":"https:\/\/dynamicenergy.com.ar\/noticias\/#organization"},"keywords":["Buenos Aires","energ\u00eda renovable","energ\u00eda solar fotovoltaica","energ\u00edas renov","generaci\u00f3n distribuida","sector p\u00fablico"],"articleSection":["Noticias"],"inLanguage":"es","potentialAction":[{"@type":"CommentAction","name":"Comment","target":["https:\/\/dynamicenergy.com.ar\/noticias\/boom-de-energias-renovables-en-el-sector-publico\/#respond"]}]},{"@type":"Person","@id":"https:\/\/dynamicenergy.com.ar\/noticias\/#\/schema\/person\/2e8effa778a9a23aeb68689db1df49da","name":"Prensa Dynamic Energy","image":{"@type":"ImageObject","inLanguage":"es","@id":"https:\/\/dynamicenergy.com.ar\/noticias\/#\/schema\/person\/image\/","url":"https:\/\/secure.gravatar.com\/avatar\/e59a223c475fada7a3b07ec0412e36881cf8c13443ce0ecfa748ff8c339f88b6?s=96&d=mm&r=g","contentUrl":"https:\/\/secure.gravatar.com\/avatar\/e59a223c475fada7a3b07ec0412e36881cf8c13443ce0ecfa748ff8c339f88b6?s=96&d=mm&r=g","caption":"Prensa Dynamic Energy"},"sameAs":["https:\/\/dynamicenergy.com.ar\/blog\/"],"url":"https:\/\/dynamicenergy.com.ar\/noticias\/author\/laura\/"}]}},"_links":{"self":[{"href":"https:\/\/dynamicenergy.com.ar\/noticias\/wp-json\/wp\/v2\/posts\/968","targetHints":{"allow":["GET"]}}],"collection":[{"href":"https:\/\/dynamicenergy.com.ar\/noticias\/wp-json\/wp\/v2\/posts"}],"about":[{"href":"https:\/\/dynamicenergy.com.ar\/noticias\/wp-json\/wp\/v2\/types\/post"}],"author":[{"embeddable":true,"href":"https:\/\/dynamicenergy.com.ar\/noticias\/wp-json\/wp\/v2\/users\/2"}],"replies":[{"embeddable":true,"href":"https:\/\/dynamicenergy.com.ar\/noticias\/wp-json\/wp\/v2\/comments?post=968"}],"version-history":[{"count":2,"href":"https:\/\/dynamicenergy.com.ar\/noticias\/wp-json\/wp\/v2\/posts\/968\/revisions"}],"predecessor-version":[{"id":990,"href":"https:\/\/dynamicenergy.com.ar\/noticias\/wp-json\/wp\/v2\/posts\/968\/revisions\/990"}],"wp:featuredmedia":[{"embeddable":true,"href":"https:\/\/dynamicenergy.com.ar\/noticias\/wp-json\/wp\/v2\/media\/989"}],"wp:attachment":[{"href":"https:\/\/dynamicenergy.com.ar\/noticias\/wp-json\/wp\/v2\/media?parent=968"}],"wp:term":[{"taxonomy":"category","embeddable":true,"href":"https:\/\/dynamicenergy.com.ar\/noticias\/wp-json\/wp\/v2\/categories?post=968"},{"taxonomy":"post_tag","embeddable":true,"href":"https:\/\/dynamicenergy.com.ar\/noticias\/wp-json\/wp\/v2\/tags?post=968"}],"curies":[{"name":"wp","href":"https:\/\/api.w.org\/{rel}","templated":true}]}}