{"id":1858,"date":"2023-11-22T09:49:29","date_gmt":"2023-11-22T12:49:29","guid":{"rendered":"https:\/\/dynamicenergy.com.ar\/noticias\/?p=1858"},"modified":"2023-11-22T09:49:29","modified_gmt":"2023-11-22T12:49:29","slug":"se-reconfigura-la-secretaria-de-energia-de-cara-al-2024","status":"publish","type":"post","link":"https:\/\/dynamicenergy.com.ar\/noticias\/se-reconfigura-la-secretaria-de-energia-de-cara-al-2024\/","title":{"rendered":"Se reconfigura la Secretar\u00eda de Energ\u00eda de cara al 2024"},"content":{"rendered":"<header class=\"news-headline\">Luego de las elecciones del 19 de noviembre, comienzan a confirmarse nombres y reestructuraciones dentro del Gabinete Nacional. Como primera medida, la <strong>Secretar\u00eda de Energ\u00eda dejar\u00e1 de formar parte del Ministerio de Econom\u00eda<\/strong>, para trabajar bajo la \u00f3rbito de un nuevo ministerio.<\/p>\n<p>El Ministerio de Infraestructura (a cargo de Guillermo Ferraro) ser\u00e1 el encargado de gestionar las Secretar\u00edas de Obras P\u00fablicas, Transporte, Miner\u00eda, Comunicaciones y <strong>Energ\u00eda<\/strong>. Esta \u00faltima, estar\u00e1 a cargo de <strong>Eduardo Rodr\u00edguez Chirillo<\/strong>, quien fue el l\u00edder del armado y planeamiento de la estrategia energ\u00e9tica para el nuevo gobierno de Javier Milei.<\/p>\n<p>Chirillo es abogado y hace m\u00e1s de 25 a\u00f1os trabaja en el sector energ\u00e9tico. Trabaj\u00f3 en el estudio jur\u00eddico O&#8217;Farrell, fue asesor en el \u00e1mbito p\u00fablico y privado y hace ya m\u00e1s de 10 a\u00f1os es due\u00f1o de su propia consultora, ERC, que se dedica a temas relacionados a electricidad, energ\u00edas renovables, petr\u00f3leo y gas en Argentina, M\u00e9xico y Espa\u00f1a. Present\u00f3 un plan para el \u00e1rea de energ\u00eda que consiste en contar con <strong>un funcionario responsable del \u00e1rea de petr\u00f3leo y combustibles l\u00edquidos<\/strong>, <strong>uno para el gas <\/strong>y <strong>un tercero para la generaci\u00f3n de electricidad<\/strong>.<\/p>\n<p>Otro de los posibles cambios que se plantea la nueva gesti\u00f3n es la reformulaci\u00f3n de los organismos de control como el ENRE y ENERGAS, con vistas a una posible unificaci\u00f3n de los entes reguladores. En relaci\u00f3n a la <strong>Compa\u00f1\u00eda Administradora del Mercado Mayorista El\u00e9ctrico S.A. (CAMMESA)<\/strong>, en una presentaci\u00f3n en el Consejo Argentino para las Relaciones Internacionales (CARI), Chirillo afirm\u00f3 que &#8220;debe volver a su rol natural&#8221; y que deben ser los generadores los que adquieran su combustible para la generaci\u00f3n de electricidad, &#8220;siempre respetando el plan gas&#8221;. En la actualidad, CAMMESA se encarga del despacho de energ\u00eda y de la compra y distribuci\u00f3n del gas hacia las generadoras.<\/p>\n<p>En primera instancia, las medidas m\u00e1s urgentes desde el nuevo gobierno ser\u00edan <strong>definir obras de infraestructura<\/strong> para que en el 2024 no falte gas en 7 provincias y establecer el nuevo esquema de concesiones de las represas hidroel\u00e9ctricas (que representan un tercio de la generaci\u00f3n de electricidad del pa\u00eds). El nuevo ministro de Infraestructura, por su parte, anticip\u00f3 nuevas obras para Vaca Muerta para el transporte de, por ejemplo, las grandes cantidades de arena y agua necesarias para la producci\u00f3n.<\/p>\n<h3>Sobre Dynamic Energy<\/h3>\n<p>Dynamic Energy es una empresa l\u00edder en soluciones sostenibles de energ\u00eda que se especializa en proporcionar servicios integrales de ingenier\u00eda y obra el\u00e9ctrica, energ\u00edas renovables y pr\u00e1cticas energ\u00e9ticas eficientes. Con un enfoque en la innovaci\u00f3n, brindamos soluciones energ\u00e9ticas para grandes empresas, industrias y particulares.<br \/>\n\u00bfQuer\u00e9s conocer sobre los\u00a0servicios que brinda Dynamic Energy? Hace\u00a0<strong>click\u00a0<a href=\"https:\/\/www.dynamicenergy.com.ar\/Servicios.html\">aqu\u00ed<\/a><\/strong>\u00a0o contactanos al mail\u00a0<strong><a href=\"mailto:info@dynamicenergy.com.ar\" target=\"_blank\" rel=\"noopener\">info@dynamicenergy.com.ar<\/a><\/strong><\/p>\n<\/header>\n","protected":false},"excerpt":{"rendered":"<p>Luego de las elecciones del 19 de noviembre, comienzan a confirmarse nombres y reestructuraciones dentro del Gabinete Nacional. Como primera medida, la Secretar\u00eda de Energ\u00eda dejar\u00e1 de formar parte del Ministerio de Econom\u00eda, para trabajar bajo la \u00f3rbito de un nuevo ministerio. El Ministerio de Infraestructura (a cargo de Guillermo Ferraro) ser\u00e1 el encargado de &hellip;<\/p>\n<p class=\"read-more\"> <a class=\"\" href=\"https:\/\/dynamicenergy.com.ar\/noticias\/se-reconfigura-la-secretaria-de-energia-de-cara-al-2024\/\"> <span class=\"screen-reader-text\">Se reconfigura la Secretar\u00eda de Energ\u00eda de cara al 2024<\/span> Leer m\u00e1s &raquo;<\/a><\/p>\n","protected":false},"author":2,"featured_media":1859,"comment_status":"open","ping_status":"open","sticky":false,"template":"","format":"standard","meta":{"footnotes":""},"categories":[1],"tags":[36,24,98,6,69,112,74,37],"class_list":["post-1858","post","type-post","status-publish","format-standard","has-post-thumbnail","hentry","category-noticias","tag-cammesa","tag-dynamic-energy","tag-electricidad","tag-energia","tag-energia-electrica","tag-gas","tag-gas-natural","tag-mem"],"yoast_head":"<!-- This site is optimized with the Yoast SEO plugin v19.4 - https:\/\/yoast.com\/wordpress\/plugins\/seo\/ -->\n<title>Se reconfigura la Secretar\u00eda de Energ\u00eda de cara al 2024 - Dynamic Energy News<\/title>\n<meta name=\"description\" content=\"Como primera medida, la Secretar\u00eda de Energ\u00eda dejar\u00e1 de formar parte del Ministerio de Econom\u00eda y pasar\u00e1 al Ministerio de Infraestructura.\" \/>\n<meta name=\"robots\" content=\"index, follow, max-snippet:-1, max-image-preview:large, max-video-preview:-1\" \/>\n<link rel=\"canonical\" href=\"https:\/\/dynamicenergy.com.ar\/noticias\/se-reconfigura-la-secretaria-de-energia-de-cara-al-2024\/\" \/>\n<meta property=\"og:locale\" content=\"es_ES\" \/>\n<meta property=\"og:type\" content=\"article\" \/>\n<meta property=\"og:title\" content=\"Se reconfigura la Secretar\u00eda de Energ\u00eda de cara al 2024 - Dynamic Energy News\" \/>\n<meta property=\"og:description\" content=\"Como primera medida, la Secretar\u00eda de Energ\u00eda dejar\u00e1 de formar parte del Ministerio de Econom\u00eda y pasar\u00e1 al Ministerio de Infraestructura.\" \/>\n<meta property=\"og:url\" content=\"https:\/\/dynamicenergy.com.ar\/noticias\/se-reconfigura-la-secretaria-de-energia-de-cara-al-2024\/\" \/>\n<meta property=\"og:site_name\" content=\"Dynamic Energy News\" \/>\n<meta property=\"article:published_time\" content=\"2023-11-22T12:49:29+00:00\" \/>\n<meta property=\"og:image\" content=\"https:\/\/dynamicenergy.com.ar\/noticias\/wp-content\/uploads\/2023\/11\/DYN-Web-Portadas-Wordpress-4.jpg\" \/>\n\t<meta property=\"og:image:width\" content=\"1200\" \/>\n\t<meta property=\"og:image:height\" content=\"900\" \/>\n\t<meta property=\"og:image:type\" content=\"image\/jpeg\" \/>\n<meta name=\"author\" content=\"Prensa Dynamic Energy\" \/>\n<meta name=\"twitter:card\" content=\"summary_large_image\" \/>\n<meta name=\"twitter:label1\" content=\"Escrito por\" \/>\n\t<meta name=\"twitter:data1\" content=\"Prensa Dynamic Energy\" \/>\n\t<meta name=\"twitter:label2\" content=\"Tiempo de lectura\" \/>\n\t<meta name=\"twitter:data2\" content=\"2 minutos\" \/>\n<script type=\"application\/ld+json\" class=\"yoast-schema-graph\">{\"@context\":\"https:\/\/schema.org\",\"@graph\":[{\"@type\":\"Organization\",\"@id\":\"https:\/\/dynamicenergy.com.ar\/noticias\/#organization\",\"name\":\"Dynamic Energy\",\"url\":\"https:\/\/dynamicenergy.com.ar\/noticias\/\",\"sameAs\":[],\"logo\":{\"@type\":\"ImageObject\",\"inLanguage\":\"es\",\"@id\":\"https:\/\/dynamicenergy.com.ar\/noticias\/#\/schema\/logo\/image\/\",\"url\":\"https:\/\/dynamicenergy.com.ar\/noticias\/wp-content\/uploads\/2023\/01\/logo-dynamic-png.png\",\"contentUrl\":\"https:\/\/dynamicenergy.com.ar\/noticias\/wp-content\/uploads\/2023\/01\/logo-dynamic-png.png\",\"width\":1742,\"height\":375,\"caption\":\"Dynamic Energy\"},\"image\":{\"@id\":\"https:\/\/dynamicenergy.com.ar\/noticias\/#\/schema\/logo\/image\/\"}},{\"@type\":\"WebSite\",\"@id\":\"https:\/\/dynamicenergy.com.ar\/noticias\/#website\",\"url\":\"https:\/\/dynamicenergy.com.ar\/noticias\/\",\"name\":\"Dynamic Energy News\",\"description\":\"Las noticias m\u00e1s importantes del sector energ\u00e9tico\",\"publisher\":{\"@id\":\"https:\/\/dynamicenergy.com.ar\/noticias\/#organization\"},\"potentialAction\":[{\"@type\":\"SearchAction\",\"target\":{\"@type\":\"EntryPoint\",\"urlTemplate\":\"https:\/\/dynamicenergy.com.ar\/noticias\/?s={search_term_string}\"},\"query-input\":\"required name=search_term_string\"}],\"inLanguage\":\"es\"},{\"@type\":\"WebPage\",\"@id\":\"https:\/\/dynamicenergy.com.ar\/noticias\/se-reconfigura-la-secretaria-de-energia-de-cara-al-2024\/\",\"url\":\"https:\/\/dynamicenergy.com.ar\/noticias\/se-reconfigura-la-secretaria-de-energia-de-cara-al-2024\/\",\"name\":\"Se reconfigura la Secretar\u00eda de Energ\u00eda de cara al 2024 - Dynamic Energy News\",\"isPartOf\":{\"@id\":\"https:\/\/dynamicenergy.com.ar\/noticias\/#website\"},\"datePublished\":\"2023-11-22T12:49:29+00:00\",\"dateModified\":\"2023-11-22T12:49:29+00:00\",\"description\":\"Como primera medida, la Secretar\u00eda de Energ\u00eda dejar\u00e1 de formar parte del Ministerio de Econom\u00eda y pasar\u00e1 al Ministerio de Infraestructura.\",\"breadcrumb\":{\"@id\":\"https:\/\/dynamicenergy.com.ar\/noticias\/se-reconfigura-la-secretaria-de-energia-de-cara-al-2024\/#breadcrumb\"},\"inLanguage\":\"es\",\"potentialAction\":[{\"@type\":\"ReadAction\",\"target\":[\"https:\/\/dynamicenergy.com.ar\/noticias\/se-reconfigura-la-secretaria-de-energia-de-cara-al-2024\/\"]}]},{\"@type\":\"BreadcrumbList\",\"@id\":\"https:\/\/dynamicenergy.com.ar\/noticias\/se-reconfigura-la-secretaria-de-energia-de-cara-al-2024\/#breadcrumb\",\"itemListElement\":[{\"@type\":\"ListItem\",\"position\":1,\"name\":\"Portada\",\"item\":\"https:\/\/dynamicenergy.com.ar\/noticias\/\"},{\"@type\":\"ListItem\",\"position\":2,\"name\":\"Se reconfigura la Secretar\u00eda de Energ\u00eda de cara al 2024\"}]},{\"@type\":\"Article\",\"@id\":\"https:\/\/dynamicenergy.com.ar\/noticias\/se-reconfigura-la-secretaria-de-energia-de-cara-al-2024\/#article\",\"isPartOf\":{\"@id\":\"https:\/\/dynamicenergy.com.ar\/noticias\/se-reconfigura-la-secretaria-de-energia-de-cara-al-2024\/\"},\"author\":{\"name\":\"Prensa Dynamic Energy\",\"@id\":\"https:\/\/dynamicenergy.com.ar\/noticias\/#\/schema\/person\/2e8effa778a9a23aeb68689db1df49da\"},\"headline\":\"Se reconfigura la Secretar\u00eda de Energ\u00eda de cara al 2024\",\"datePublished\":\"2023-11-22T12:49:29+00:00\",\"dateModified\":\"2023-11-22T12:49:29+00:00\",\"mainEntityOfPage\":{\"@id\":\"https:\/\/dynamicenergy.com.ar\/noticias\/se-reconfigura-la-secretaria-de-energia-de-cara-al-2024\/\"},\"wordCount\":504,\"commentCount\":0,\"publisher\":{\"@id\":\"https:\/\/dynamicenergy.com.ar\/noticias\/#organization\"},\"keywords\":[\"CAMMESA\",\"dynamic energy\",\"electricidad\",\"energ\u00eda\",\"energ\u00eda el\u00e9ctrica\",\"gas\",\"GAS NATURAL\",\"MEM\"],\"articleSection\":[\"Noticias\"],\"inLanguage\":\"es\",\"potentialAction\":[{\"@type\":\"CommentAction\",\"name\":\"Comment\",\"target\":[\"https:\/\/dynamicenergy.com.ar\/noticias\/se-reconfigura-la-secretaria-de-energia-de-cara-al-2024\/#respond\"]}]},{\"@type\":\"Person\",\"@id\":\"https:\/\/dynamicenergy.com.ar\/noticias\/#\/schema\/person\/2e8effa778a9a23aeb68689db1df49da\",\"name\":\"Prensa Dynamic Energy\",\"image\":{\"@type\":\"ImageObject\",\"inLanguage\":\"es\",\"@id\":\"https:\/\/dynamicenergy.com.ar\/noticias\/#\/schema\/person\/image\/\",\"url\":\"https:\/\/secure.gravatar.com\/avatar\/e59a223c475fada7a3b07ec0412e36881cf8c13443ce0ecfa748ff8c339f88b6?s=96&d=mm&r=g\",\"contentUrl\":\"https:\/\/secure.gravatar.com\/avatar\/e59a223c475fada7a3b07ec0412e36881cf8c13443ce0ecfa748ff8c339f88b6?s=96&d=mm&r=g\",\"caption\":\"Prensa Dynamic Energy\"},\"sameAs\":[\"https:\/\/dynamicenergy.com.ar\/blog\/\"],\"url\":\"https:\/\/dynamicenergy.com.ar\/noticias\/author\/laura\/\"}]}<\/script>\n<!-- \/ Yoast SEO plugin. -->","yoast_head_json":{"title":"Se reconfigura la Secretar\u00eda de Energ\u00eda de cara al 2024 - Dynamic Energy News","description":"Como primera medida, la Secretar\u00eda de Energ\u00eda dejar\u00e1 de formar parte del Ministerio de Econom\u00eda y pasar\u00e1 al Ministerio de Infraestructura.","robots":{"index":"index","follow":"follow","max-snippet":"max-snippet:-1","max-image-preview":"max-image-preview:large","max-video-preview":"max-video-preview:-1"},"canonical":"https:\/\/dynamicenergy.com.ar\/noticias\/se-reconfigura-la-secretaria-de-energia-de-cara-al-2024\/","og_locale":"es_ES","og_type":"article","og_title":"Se reconfigura la Secretar\u00eda de Energ\u00eda de cara al 2024 - Dynamic Energy News","og_description":"Como primera medida, la Secretar\u00eda de Energ\u00eda dejar\u00e1 de formar parte del Ministerio de Econom\u00eda y pasar\u00e1 al Ministerio de Infraestructura.","og_url":"https:\/\/dynamicenergy.com.ar\/noticias\/se-reconfigura-la-secretaria-de-energia-de-cara-al-2024\/","og_site_name":"Dynamic Energy News","article_published_time":"2023-11-22T12:49:29+00:00","og_image":[{"width":1200,"height":900,"url":"https:\/\/dynamicenergy.com.ar\/noticias\/wp-content\/uploads\/2023\/11\/DYN-Web-Portadas-Wordpress-4.jpg","type":"image\/jpeg"}],"author":"Prensa Dynamic Energy","twitter_card":"summary_large_image","twitter_misc":{"Escrito por":"Prensa Dynamic Energy","Tiempo de lectura":"2 minutos"},"schema":{"@context":"https:\/\/schema.org","@graph":[{"@type":"Organization","@id":"https:\/\/dynamicenergy.com.ar\/noticias\/#organization","name":"Dynamic Energy","url":"https:\/\/dynamicenergy.com.ar\/noticias\/","sameAs":[],"logo":{"@type":"ImageObject","inLanguage":"es","@id":"https:\/\/dynamicenergy.com.ar\/noticias\/#\/schema\/logo\/image\/","url":"https:\/\/dynamicenergy.com.ar\/noticias\/wp-content\/uploads\/2023\/01\/logo-dynamic-png.png","contentUrl":"https:\/\/dynamicenergy.com.ar\/noticias\/wp-content\/uploads\/2023\/01\/logo-dynamic-png.png","width":1742,"height":375,"caption":"Dynamic Energy"},"image":{"@id":"https:\/\/dynamicenergy.com.ar\/noticias\/#\/schema\/logo\/image\/"}},{"@type":"WebSite","@id":"https:\/\/dynamicenergy.com.ar\/noticias\/#website","url":"https:\/\/dynamicenergy.com.ar\/noticias\/","name":"Dynamic Energy News","description":"Las noticias m\u00e1s importantes del sector energ\u00e9tico","publisher":{"@id":"https:\/\/dynamicenergy.com.ar\/noticias\/#organization"},"potentialAction":[{"@type":"SearchAction","target":{"@type":"EntryPoint","urlTemplate":"https:\/\/dynamicenergy.com.ar\/noticias\/?s={search_term_string}"},"query-input":"required name=search_term_string"}],"inLanguage":"es"},{"@type":"WebPage","@id":"https:\/\/dynamicenergy.com.ar\/noticias\/se-reconfigura-la-secretaria-de-energia-de-cara-al-2024\/","url":"https:\/\/dynamicenergy.com.ar\/noticias\/se-reconfigura-la-secretaria-de-energia-de-cara-al-2024\/","name":"Se reconfigura la Secretar\u00eda de Energ\u00eda de cara al 2024 - Dynamic Energy News","isPartOf":{"@id":"https:\/\/dynamicenergy.com.ar\/noticias\/#website"},"datePublished":"2023-11-22T12:49:29+00:00","dateModified":"2023-11-22T12:49:29+00:00","description":"Como primera medida, la Secretar\u00eda de Energ\u00eda dejar\u00e1 de formar parte del Ministerio de Econom\u00eda y pasar\u00e1 al Ministerio de Infraestructura.","breadcrumb":{"@id":"https:\/\/dynamicenergy.com.ar\/noticias\/se-reconfigura-la-secretaria-de-energia-de-cara-al-2024\/#breadcrumb"},"inLanguage":"es","potentialAction":[{"@type":"ReadAction","target":["https:\/\/dynamicenergy.com.ar\/noticias\/se-reconfigura-la-secretaria-de-energia-de-cara-al-2024\/"]}]},{"@type":"BreadcrumbList","@id":"https:\/\/dynamicenergy.com.ar\/noticias\/se-reconfigura-la-secretaria-de-energia-de-cara-al-2024\/#breadcrumb","itemListElement":[{"@type":"ListItem","position":1,"name":"Portada","item":"https:\/\/dynamicenergy.com.ar\/noticias\/"},{"@type":"ListItem","position":2,"name":"Se reconfigura la Secretar\u00eda de Energ\u00eda de cara al 2024"}]},{"@type":"Article","@id":"https:\/\/dynamicenergy.com.ar\/noticias\/se-reconfigura-la-secretaria-de-energia-de-cara-al-2024\/#article","isPartOf":{"@id":"https:\/\/dynamicenergy.com.ar\/noticias\/se-reconfigura-la-secretaria-de-energia-de-cara-al-2024\/"},"author":{"name":"Prensa Dynamic Energy","@id":"https:\/\/dynamicenergy.com.ar\/noticias\/#\/schema\/person\/2e8effa778a9a23aeb68689db1df49da"},"headline":"Se reconfigura la Secretar\u00eda de Energ\u00eda de cara al 2024","datePublished":"2023-11-22T12:49:29+00:00","dateModified":"2023-11-22T12:49:29+00:00","mainEntityOfPage":{"@id":"https:\/\/dynamicenergy.com.ar\/noticias\/se-reconfigura-la-secretaria-de-energia-de-cara-al-2024\/"},"wordCount":504,"commentCount":0,"publisher":{"@id":"https:\/\/dynamicenergy.com.ar\/noticias\/#organization"},"keywords":["CAMMESA","dynamic energy","electricidad","energ\u00eda","energ\u00eda el\u00e9ctrica","gas","GAS NATURAL","MEM"],"articleSection":["Noticias"],"inLanguage":"es","potentialAction":[{"@type":"CommentAction","name":"Comment","target":["https:\/\/dynamicenergy.com.ar\/noticias\/se-reconfigura-la-secretaria-de-energia-de-cara-al-2024\/#respond"]}]},{"@type":"Person","@id":"https:\/\/dynamicenergy.com.ar\/noticias\/#\/schema\/person\/2e8effa778a9a23aeb68689db1df49da","name":"Prensa Dynamic Energy","image":{"@type":"ImageObject","inLanguage":"es","@id":"https:\/\/dynamicenergy.com.ar\/noticias\/#\/schema\/person\/image\/","url":"https:\/\/secure.gravatar.com\/avatar\/e59a223c475fada7a3b07ec0412e36881cf8c13443ce0ecfa748ff8c339f88b6?s=96&d=mm&r=g","contentUrl":"https:\/\/secure.gravatar.com\/avatar\/e59a223c475fada7a3b07ec0412e36881cf8c13443ce0ecfa748ff8c339f88b6?s=96&d=mm&r=g","caption":"Prensa Dynamic Energy"},"sameAs":["https:\/\/dynamicenergy.com.ar\/blog\/"],"url":"https:\/\/dynamicenergy.com.ar\/noticias\/author\/laura\/"}]}},"_links":{"self":[{"href":"https:\/\/dynamicenergy.com.ar\/noticias\/wp-json\/wp\/v2\/posts\/1858","targetHints":{"allow":["GET"]}}],"collection":[{"href":"https:\/\/dynamicenergy.com.ar\/noticias\/wp-json\/wp\/v2\/posts"}],"about":[{"href":"https:\/\/dynamicenergy.com.ar\/noticias\/wp-json\/wp\/v2\/types\/post"}],"author":[{"embeddable":true,"href":"https:\/\/dynamicenergy.com.ar\/noticias\/wp-json\/wp\/v2\/users\/2"}],"replies":[{"embeddable":true,"href":"https:\/\/dynamicenergy.com.ar\/noticias\/wp-json\/wp\/v2\/comments?post=1858"}],"version-history":[{"count":2,"href":"https:\/\/dynamicenergy.com.ar\/noticias\/wp-json\/wp\/v2\/posts\/1858\/revisions"}],"predecessor-version":[{"id":1861,"href":"https:\/\/dynamicenergy.com.ar\/noticias\/wp-json\/wp\/v2\/posts\/1858\/revisions\/1861"}],"wp:featuredmedia":[{"embeddable":true,"href":"https:\/\/dynamicenergy.com.ar\/noticias\/wp-json\/wp\/v2\/media\/1859"}],"wp:attachment":[{"href":"https:\/\/dynamicenergy.com.ar\/noticias\/wp-json\/wp\/v2\/media?parent=1858"}],"wp:term":[{"taxonomy":"category","embeddable":true,"href":"https:\/\/dynamicenergy.com.ar\/noticias\/wp-json\/wp\/v2\/categories?post=1858"},{"taxonomy":"post_tag","embeddable":true,"href":"https:\/\/dynamicenergy.com.ar\/noticias\/wp-json\/wp\/v2\/tags?post=1858"}],"curies":[{"name":"wp","href":"https:\/\/api.w.org\/{rel}","templated":true}]}}