{"id":1741,"date":"2023-09-26T11:43:31","date_gmt":"2023-09-26T14:43:31","guid":{"rendered":"https:\/\/dynamicenergy.com.ar\/noticias\/?p=1741"},"modified":"2023-09-26T11:43:31","modified_gmt":"2023-09-26T14:43:31","slug":"consumo-de-energia-crecio-29-en-el-2023","status":"publish","type":"post","link":"https:\/\/dynamicenergy.com.ar\/noticias\/consumo-de-energia-crecio-29-en-el-2023\/","title":{"rendered":"Consumo de energ\u00eda: creci\u00f3 2,9% en el 2023"},"content":{"rendered":"<p class=\"font-400\">Seg\u00fan un informe privado de la <strong>Fundaci\u00f3n para el Desarrollo El\u00e9ctrico (Fundelec)<\/strong>, la demanda el\u00e9ctrica en todo el pa\u00eds tuvo un <strong>incremento interanual del 2,9%<\/strong> en los primeros ocho meses del 2023.<\/p>\n<p>En el \u00c1rea Metropolitana de Buenos Aires (AMBA) las dos distribuidores que demandaron el 35% del consumo nacional, tuvieron un incremento en consumo interanual del 0,3%. Tambi\u00e9n se vislumbra que <strong>en agosto hubo una retracci\u00f3n del consumo<\/strong> respecto de agosto 2022 (del 0,2%) al alcanzar los 11.756,02 GWh, debido a las temperaturas superior al primedio registrado el a\u00f1o pasado. La demanda neta total del MEM fue de 11.781,4 GWh en agosto 2022.<\/p>\n<p>En cuanto a la demanda residencial de agosto, fue del 47 % de la demanda total pa\u00eds, con una suba de 0,8 % respecto al mismo mes del a\u00f1o anterior. La demanda comercial baj\u00f3 -1,9 %, representando el 27 % del consumo total y la industrial del 26 %, con un descenso en el mes del -0,2 %, aproximadamente.<\/p>\n<p>En relaci\u00f3n a la <strong>potencia m\u00e1xima registrada, fue de 22.313 MW<\/strong> el 28 de agosto de 2023 a las 21:15, superando el r\u00e9cord hist\u00f3rico de 29.105 MW demandados en marzo de 2023.<\/p>\n<h1>CONSUMO DE\u00a0ELECTRICIDAD<\/h1>\n<p>La demanda registr\u00f3 en los \u00faltimos doce meses (hasta agosto de 2023): 7 meses de baja (septiembre de 2022, -0,6 %; octubre -2,2 %; abril de 2023, -1 %; mayo, -7,8 %; junio, -7,7 %; julio, -1,3 %; y agosto de 2023, -0,2 %). Otros 5 meses fueron con suba de la demanda (noviembre de 2022, 7,2 %; diciembre, 4,6 %; enero de 2023, 4,1 %; febrero, 12,7 %; y marzo de 2023, 28,6 %). El a\u00f1o m\u00f3vil (\u00faltimos doce meses) presenta una suba del 2,8 por ciento.<\/p>\n<p>En relaci\u00f3n a las provincias, fueron 13 las que marcaron descensos: Mendoza, La Rioja y San Juan (-5 %), Catamarca (-4 %), C\u00f3rdoba (-3 %), Santa Fe (-2 %), Corrientes, Entre R\u00edos, Jujuy, EDELAP, Salta, Tucum\u00e1n y EDEN (-1 %). En la vereda contraria, 11 provincias y\/o empresas presentaron ascensos en el consumo: Formosa (14 %), Chubut (9 %), Misiones (6 %), Chaco (5 %), La Pampa, Neuqu\u00e9n, y EDEA (4 %), R\u00edo Negro (2 %), San Luis (1 %), entre ellos. Por su parte, Santa Cruz, Santiago del Estero y EDES mantuvieron el mismo consumo del a\u00f1o anterior.<\/p>\n<p>Para satisfacer la demanda, son la <strong>generaci\u00f3n t\u00e9rmica e hidr\u00e1ulica las principales fuentes utilizadas<\/strong>, a pesar del fuerte aumento de las renovables. Las centrales hidroel\u00e9ctricas aportaron el 33,28% de la demanda, las nucleares un 5,81%, y las generadoras de fuentes alternativas un 15,34% del total, mientras que la importaci\u00f3n represent\u00f3 el 1,98% de la demanda.<\/p>\n<p>\u2026\u2026\u2026\u2026\u2026\u2026\u2026\u2026\u2026\u2026\u2026\u2026\u2026\u2026\u2026\u2026\u2026\u2026\u2026\u2026\u2026\u2026\u2026\u2026\u2026\u2026\u2026\u2026\u2026\u2026\u2026\u2026\u2026\u2026\u2026\u2026\u2026\u2026\u2026\u2026\u2026\u2026\u2026\u2026\u2026\u2026\u2026\u2026\u2026\u2026\u2026\u2026\u2026\u2026\u2026\u2026\u2026\u2026\u2026\u2026\u2026\u2026\u2026\u2026<\/p>\n<p>En\u00a0<strong>Dynamic Energy Argentina<\/strong>\u00a0ofrecemos soluciones energ\u00e9ticas para grandes empresas e industrias. Contamos con un servicio de\u00a0<strong>Consultor\u00eda en Energ\u00eda El\u00e9ctrica y Gas<\/strong>\u00a0que ayuda a optimizar costos en la cadena productiva,\u00a0<strong>Auditor\u00edas en Eficiencia Energ\u00e9tica<\/strong>\u00a0para realizar diagn\u00f3sticos sobre el consumo energ\u00e9tico y poder reducirlo y un exclusivo\u00a0<strong>Software de Gesti\u00f3n de Energ\u00eda<\/strong>, que brinda informaci\u00f3n del comportamiento actual de la red el\u00e9ctrica, para prevenir fallas y mejorar su uso.<\/p>\n<p>\u00bfQuer\u00e9s conocer sobre los\u00a0<strong>servicios que brinda Dynamic Energy<\/strong>? Hace\u00a0<strong>click\u00a0<a href=\"https:\/\/www.dynamicenergy.com.ar\/Servicios.html\">aqu\u00ed<\/a><\/strong>\u00a0o contactanos al mail\u00a0<strong><a href=\"mailto:info@dynamicenergy.com.ar\" target=\"_blank\" rel=\"noopener\">info@dynamicenergy.com.ar<\/a><\/strong><\/p>\n","protected":false},"excerpt":{"rendered":"<p>Seg\u00fan un informe privado de la Fundaci\u00f3n para el Desarrollo El\u00e9ctrico (Fundelec), la demanda el\u00e9ctrica en todo el pa\u00eds tuvo un incremento interanual del 2,9% en los primeros ocho meses del 2023. En el \u00c1rea Metropolitana de Buenos Aires (AMBA) las dos distribuidores que demandaron el 35% del consumo nacional, tuvieron un incremento en consumo &hellip;<\/p>\n<p class=\"read-more\"> <a class=\"\" href=\"https:\/\/dynamicenergy.com.ar\/noticias\/consumo-de-energia-crecio-29-en-el-2023\/\"> <span class=\"screen-reader-text\">Consumo de energ\u00eda: creci\u00f3 2,9% en el 2023<\/span> Leer m\u00e1s &raquo;<\/a><\/p>\n","protected":false},"author":2,"featured_media":1742,"comment_status":"open","ping_status":"open","sticky":false,"template":"","format":"standard","meta":{"footnotes":""},"categories":[1],"tags":[36,24,131,132,98,6,69,112,172,8,37,73],"class_list":["post-1741","post","type-post","status-publish","format-standard","has-post-thumbnail","hentry","category-noticias","tag-cammesa","tag-dynamic-energy","tag-edenor","tag-edesur","tag-electricidad","tag-energia","tag-energia-electrica","tag-gas","tag-generacion-termica","tag-luz","tag-mem","tag-sector-electrico"],"yoast_head":"<!-- This site is optimized with the Yoast SEO plugin v19.4 - https:\/\/yoast.com\/wordpress\/plugins\/seo\/ -->\n<title>Consumo de energ\u00eda: creci\u00f3 2,9% en el 2023 - Dynamic Energy News<\/title>\n<meta name=\"robots\" content=\"index, follow, max-snippet:-1, max-image-preview:large, max-video-preview:-1\" \/>\n<link rel=\"canonical\" href=\"https:\/\/dynamicenergy.com.ar\/noticias\/consumo-de-energia-crecio-29-en-el-2023\/\" \/>\n<meta property=\"og:locale\" content=\"es_ES\" \/>\n<meta property=\"og:type\" content=\"article\" \/>\n<meta property=\"og:title\" content=\"Consumo de energ\u00eda: creci\u00f3 2,9% en el 2023 - Dynamic Energy News\" \/>\n<meta property=\"og:description\" content=\"Seg\u00fan un informe privado de la Fundaci\u00f3n para el Desarrollo El\u00e9ctrico (Fundelec), la demanda el\u00e9ctrica en todo el pa\u00eds tuvo un incremento interanual del 2,9% en los primeros ocho meses del 2023. En el \u00c1rea Metropolitana de Buenos Aires (AMBA) las dos distribuidores que demandaron el 35% del consumo nacional, tuvieron un incremento en consumo &hellip; Consumo de energ\u00eda: creci\u00f3 2,9% en el 2023 Leer m\u00e1s &raquo;\" \/>\n<meta property=\"og:url\" content=\"https:\/\/dynamicenergy.com.ar\/noticias\/consumo-de-energia-crecio-29-en-el-2023\/\" \/>\n<meta property=\"og:site_name\" content=\"Dynamic Energy News\" \/>\n<meta property=\"article:published_time\" content=\"2023-09-26T14:43:31+00:00\" \/>\n<meta property=\"og:image\" content=\"https:\/\/dynamicenergy.com.ar\/noticias\/wp-content\/uploads\/2023\/09\/Portadas-Wordpress-Dynamic-3.png\" \/>\n\t<meta property=\"og:image:width\" content=\"1200\" \/>\n\t<meta property=\"og:image:height\" content=\"900\" \/>\n\t<meta property=\"og:image:type\" content=\"image\/png\" \/>\n<meta name=\"author\" content=\"Prensa Dynamic Energy\" \/>\n<meta name=\"twitter:card\" content=\"summary_large_image\" \/>\n<meta name=\"twitter:label1\" content=\"Escrito por\" \/>\n\t<meta name=\"twitter:data1\" content=\"Prensa Dynamic Energy\" \/>\n\t<meta name=\"twitter:label2\" content=\"Tiempo de lectura\" \/>\n\t<meta name=\"twitter:data2\" content=\"2 minutos\" \/>\n<script type=\"application\/ld+json\" class=\"yoast-schema-graph\">{\"@context\":\"https:\/\/schema.org\",\"@graph\":[{\"@type\":\"Organization\",\"@id\":\"https:\/\/dynamicenergy.com.ar\/noticias\/#organization\",\"name\":\"Dynamic Energy\",\"url\":\"https:\/\/dynamicenergy.com.ar\/noticias\/\",\"sameAs\":[],\"logo\":{\"@type\":\"ImageObject\",\"inLanguage\":\"es\",\"@id\":\"https:\/\/dynamicenergy.com.ar\/noticias\/#\/schema\/logo\/image\/\",\"url\":\"https:\/\/dynamicenergy.com.ar\/noticias\/wp-content\/uploads\/2023\/01\/logo-dynamic-png.png\",\"contentUrl\":\"https:\/\/dynamicenergy.com.ar\/noticias\/wp-content\/uploads\/2023\/01\/logo-dynamic-png.png\",\"width\":1742,\"height\":375,\"caption\":\"Dynamic Energy\"},\"image\":{\"@id\":\"https:\/\/dynamicenergy.com.ar\/noticias\/#\/schema\/logo\/image\/\"}},{\"@type\":\"WebSite\",\"@id\":\"https:\/\/dynamicenergy.com.ar\/noticias\/#website\",\"url\":\"https:\/\/dynamicenergy.com.ar\/noticias\/\",\"name\":\"Dynamic Energy News\",\"description\":\"Las noticias m\u00e1s importantes del sector energ\u00e9tico\",\"publisher\":{\"@id\":\"https:\/\/dynamicenergy.com.ar\/noticias\/#organization\"},\"potentialAction\":[{\"@type\":\"SearchAction\",\"target\":{\"@type\":\"EntryPoint\",\"urlTemplate\":\"https:\/\/dynamicenergy.com.ar\/noticias\/?s={search_term_string}\"},\"query-input\":\"required name=search_term_string\"}],\"inLanguage\":\"es\"},{\"@type\":\"WebPage\",\"@id\":\"https:\/\/dynamicenergy.com.ar\/noticias\/consumo-de-energia-crecio-29-en-el-2023\/\",\"url\":\"https:\/\/dynamicenergy.com.ar\/noticias\/consumo-de-energia-crecio-29-en-el-2023\/\",\"name\":\"Consumo de energ\u00eda: creci\u00f3 2,9% en el 2023 - Dynamic Energy News\",\"isPartOf\":{\"@id\":\"https:\/\/dynamicenergy.com.ar\/noticias\/#website\"},\"datePublished\":\"2023-09-26T14:43:31+00:00\",\"dateModified\":\"2023-09-26T14:43:31+00:00\",\"breadcrumb\":{\"@id\":\"https:\/\/dynamicenergy.com.ar\/noticias\/consumo-de-energia-crecio-29-en-el-2023\/#breadcrumb\"},\"inLanguage\":\"es\",\"potentialAction\":[{\"@type\":\"ReadAction\",\"target\":[\"https:\/\/dynamicenergy.com.ar\/noticias\/consumo-de-energia-crecio-29-en-el-2023\/\"]}]},{\"@type\":\"BreadcrumbList\",\"@id\":\"https:\/\/dynamicenergy.com.ar\/noticias\/consumo-de-energia-crecio-29-en-el-2023\/#breadcrumb\",\"itemListElement\":[{\"@type\":\"ListItem\",\"position\":1,\"name\":\"Portada\",\"item\":\"https:\/\/dynamicenergy.com.ar\/noticias\/\"},{\"@type\":\"ListItem\",\"position\":2,\"name\":\"Consumo de energ\u00eda: creci\u00f3 2,9% en el 2023\"}]},{\"@type\":\"Article\",\"@id\":\"https:\/\/dynamicenergy.com.ar\/noticias\/consumo-de-energia-crecio-29-en-el-2023\/#article\",\"isPartOf\":{\"@id\":\"https:\/\/dynamicenergy.com.ar\/noticias\/consumo-de-energia-crecio-29-en-el-2023\/\"},\"author\":{\"name\":\"Prensa Dynamic Energy\",\"@id\":\"https:\/\/dynamicenergy.com.ar\/noticias\/#\/schema\/person\/2e8effa778a9a23aeb68689db1df49da\"},\"headline\":\"Consumo de energ\u00eda: creci\u00f3 2,9% en el 2023\",\"datePublished\":\"2023-09-26T14:43:31+00:00\",\"dateModified\":\"2023-09-26T14:43:31+00:00\",\"mainEntityOfPage\":{\"@id\":\"https:\/\/dynamicenergy.com.ar\/noticias\/consumo-de-energia-crecio-29-en-el-2023\/\"},\"wordCount\":503,\"commentCount\":0,\"publisher\":{\"@id\":\"https:\/\/dynamicenergy.com.ar\/noticias\/#organization\"},\"keywords\":[\"CAMMESA\",\"dynamic energy\",\"edenor\",\"edesur\",\"electricidad\",\"energ\u00eda\",\"energ\u00eda el\u00e9ctrica\",\"gas\",\"generaci\u00f3n t\u00e9rmica\",\"luz\",\"MEM\",\"sector el\u00e9ctrico\"],\"articleSection\":[\"Noticias\"],\"inLanguage\":\"es\",\"potentialAction\":[{\"@type\":\"CommentAction\",\"name\":\"Comment\",\"target\":[\"https:\/\/dynamicenergy.com.ar\/noticias\/consumo-de-energia-crecio-29-en-el-2023\/#respond\"]}]},{\"@type\":\"Person\",\"@id\":\"https:\/\/dynamicenergy.com.ar\/noticias\/#\/schema\/person\/2e8effa778a9a23aeb68689db1df49da\",\"name\":\"Prensa Dynamic Energy\",\"image\":{\"@type\":\"ImageObject\",\"inLanguage\":\"es\",\"@id\":\"https:\/\/dynamicenergy.com.ar\/noticias\/#\/schema\/person\/image\/\",\"url\":\"https:\/\/secure.gravatar.com\/avatar\/e59a223c475fada7a3b07ec0412e36881cf8c13443ce0ecfa748ff8c339f88b6?s=96&d=mm&r=g\",\"contentUrl\":\"https:\/\/secure.gravatar.com\/avatar\/e59a223c475fada7a3b07ec0412e36881cf8c13443ce0ecfa748ff8c339f88b6?s=96&d=mm&r=g\",\"caption\":\"Prensa Dynamic Energy\"},\"sameAs\":[\"https:\/\/dynamicenergy.com.ar\/blog\/\"],\"url\":\"https:\/\/dynamicenergy.com.ar\/noticias\/author\/laura\/\"}]}<\/script>\n<!-- \/ Yoast SEO plugin. -->","yoast_head_json":{"title":"Consumo de energ\u00eda: creci\u00f3 2,9% en el 2023 - Dynamic Energy News","robots":{"index":"index","follow":"follow","max-snippet":"max-snippet:-1","max-image-preview":"max-image-preview:large","max-video-preview":"max-video-preview:-1"},"canonical":"https:\/\/dynamicenergy.com.ar\/noticias\/consumo-de-energia-crecio-29-en-el-2023\/","og_locale":"es_ES","og_type":"article","og_title":"Consumo de energ\u00eda: creci\u00f3 2,9% en el 2023 - Dynamic Energy News","og_description":"Seg\u00fan un informe privado de la Fundaci\u00f3n para el Desarrollo El\u00e9ctrico (Fundelec), la demanda el\u00e9ctrica en todo el pa\u00eds tuvo un incremento interanual del 2,9% en los primeros ocho meses del 2023. En el \u00c1rea Metropolitana de Buenos Aires (AMBA) las dos distribuidores que demandaron el 35% del consumo nacional, tuvieron un incremento en consumo &hellip; Consumo de energ\u00eda: creci\u00f3 2,9% en el 2023 Leer m\u00e1s &raquo;","og_url":"https:\/\/dynamicenergy.com.ar\/noticias\/consumo-de-energia-crecio-29-en-el-2023\/","og_site_name":"Dynamic Energy News","article_published_time":"2023-09-26T14:43:31+00:00","og_image":[{"width":1200,"height":900,"url":"https:\/\/dynamicenergy.com.ar\/noticias\/wp-content\/uploads\/2023\/09\/Portadas-Wordpress-Dynamic-3.png","type":"image\/png"}],"author":"Prensa Dynamic Energy","twitter_card":"summary_large_image","twitter_misc":{"Escrito por":"Prensa Dynamic Energy","Tiempo de lectura":"2 minutos"},"schema":{"@context":"https:\/\/schema.org","@graph":[{"@type":"Organization","@id":"https:\/\/dynamicenergy.com.ar\/noticias\/#organization","name":"Dynamic Energy","url":"https:\/\/dynamicenergy.com.ar\/noticias\/","sameAs":[],"logo":{"@type":"ImageObject","inLanguage":"es","@id":"https:\/\/dynamicenergy.com.ar\/noticias\/#\/schema\/logo\/image\/","url":"https:\/\/dynamicenergy.com.ar\/noticias\/wp-content\/uploads\/2023\/01\/logo-dynamic-png.png","contentUrl":"https:\/\/dynamicenergy.com.ar\/noticias\/wp-content\/uploads\/2023\/01\/logo-dynamic-png.png","width":1742,"height":375,"caption":"Dynamic Energy"},"image":{"@id":"https:\/\/dynamicenergy.com.ar\/noticias\/#\/schema\/logo\/image\/"}},{"@type":"WebSite","@id":"https:\/\/dynamicenergy.com.ar\/noticias\/#website","url":"https:\/\/dynamicenergy.com.ar\/noticias\/","name":"Dynamic Energy News","description":"Las noticias m\u00e1s importantes del sector energ\u00e9tico","publisher":{"@id":"https:\/\/dynamicenergy.com.ar\/noticias\/#organization"},"potentialAction":[{"@type":"SearchAction","target":{"@type":"EntryPoint","urlTemplate":"https:\/\/dynamicenergy.com.ar\/noticias\/?s={search_term_string}"},"query-input":"required name=search_term_string"}],"inLanguage":"es"},{"@type":"WebPage","@id":"https:\/\/dynamicenergy.com.ar\/noticias\/consumo-de-energia-crecio-29-en-el-2023\/","url":"https:\/\/dynamicenergy.com.ar\/noticias\/consumo-de-energia-crecio-29-en-el-2023\/","name":"Consumo de energ\u00eda: creci\u00f3 2,9% en el 2023 - Dynamic Energy News","isPartOf":{"@id":"https:\/\/dynamicenergy.com.ar\/noticias\/#website"},"datePublished":"2023-09-26T14:43:31+00:00","dateModified":"2023-09-26T14:43:31+00:00","breadcrumb":{"@id":"https:\/\/dynamicenergy.com.ar\/noticias\/consumo-de-energia-crecio-29-en-el-2023\/#breadcrumb"},"inLanguage":"es","potentialAction":[{"@type":"ReadAction","target":["https:\/\/dynamicenergy.com.ar\/noticias\/consumo-de-energia-crecio-29-en-el-2023\/"]}]},{"@type":"BreadcrumbList","@id":"https:\/\/dynamicenergy.com.ar\/noticias\/consumo-de-energia-crecio-29-en-el-2023\/#breadcrumb","itemListElement":[{"@type":"ListItem","position":1,"name":"Portada","item":"https:\/\/dynamicenergy.com.ar\/noticias\/"},{"@type":"ListItem","position":2,"name":"Consumo de energ\u00eda: creci\u00f3 2,9% en el 2023"}]},{"@type":"Article","@id":"https:\/\/dynamicenergy.com.ar\/noticias\/consumo-de-energia-crecio-29-en-el-2023\/#article","isPartOf":{"@id":"https:\/\/dynamicenergy.com.ar\/noticias\/consumo-de-energia-crecio-29-en-el-2023\/"},"author":{"name":"Prensa Dynamic Energy","@id":"https:\/\/dynamicenergy.com.ar\/noticias\/#\/schema\/person\/2e8effa778a9a23aeb68689db1df49da"},"headline":"Consumo de energ\u00eda: creci\u00f3 2,9% en el 2023","datePublished":"2023-09-26T14:43:31+00:00","dateModified":"2023-09-26T14:43:31+00:00","mainEntityOfPage":{"@id":"https:\/\/dynamicenergy.com.ar\/noticias\/consumo-de-energia-crecio-29-en-el-2023\/"},"wordCount":503,"commentCount":0,"publisher":{"@id":"https:\/\/dynamicenergy.com.ar\/noticias\/#organization"},"keywords":["CAMMESA","dynamic energy","edenor","edesur","electricidad","energ\u00eda","energ\u00eda el\u00e9ctrica","gas","generaci\u00f3n t\u00e9rmica","luz","MEM","sector el\u00e9ctrico"],"articleSection":["Noticias"],"inLanguage":"es","potentialAction":[{"@type":"CommentAction","name":"Comment","target":["https:\/\/dynamicenergy.com.ar\/noticias\/consumo-de-energia-crecio-29-en-el-2023\/#respond"]}]},{"@type":"Person","@id":"https:\/\/dynamicenergy.com.ar\/noticias\/#\/schema\/person\/2e8effa778a9a23aeb68689db1df49da","name":"Prensa Dynamic Energy","image":{"@type":"ImageObject","inLanguage":"es","@id":"https:\/\/dynamicenergy.com.ar\/noticias\/#\/schema\/person\/image\/","url":"https:\/\/secure.gravatar.com\/avatar\/e59a223c475fada7a3b07ec0412e36881cf8c13443ce0ecfa748ff8c339f88b6?s=96&d=mm&r=g","contentUrl":"https:\/\/secure.gravatar.com\/avatar\/e59a223c475fada7a3b07ec0412e36881cf8c13443ce0ecfa748ff8c339f88b6?s=96&d=mm&r=g","caption":"Prensa Dynamic Energy"},"sameAs":["https:\/\/dynamicenergy.com.ar\/blog\/"],"url":"https:\/\/dynamicenergy.com.ar\/noticias\/author\/laura\/"}]}},"_links":{"self":[{"href":"https:\/\/dynamicenergy.com.ar\/noticias\/wp-json\/wp\/v2\/posts\/1741","targetHints":{"allow":["GET"]}}],"collection":[{"href":"https:\/\/dynamicenergy.com.ar\/noticias\/wp-json\/wp\/v2\/posts"}],"about":[{"href":"https:\/\/dynamicenergy.com.ar\/noticias\/wp-json\/wp\/v2\/types\/post"}],"author":[{"embeddable":true,"href":"https:\/\/dynamicenergy.com.ar\/noticias\/wp-json\/wp\/v2\/users\/2"}],"replies":[{"embeddable":true,"href":"https:\/\/dynamicenergy.com.ar\/noticias\/wp-json\/wp\/v2\/comments?post=1741"}],"version-history":[{"count":2,"href":"https:\/\/dynamicenergy.com.ar\/noticias\/wp-json\/wp\/v2\/posts\/1741\/revisions"}],"predecessor-version":[{"id":1744,"href":"https:\/\/dynamicenergy.com.ar\/noticias\/wp-json\/wp\/v2\/posts\/1741\/revisions\/1744"}],"wp:featuredmedia":[{"embeddable":true,"href":"https:\/\/dynamicenergy.com.ar\/noticias\/wp-json\/wp\/v2\/media\/1742"}],"wp:attachment":[{"href":"https:\/\/dynamicenergy.com.ar\/noticias\/wp-json\/wp\/v2\/media?parent=1741"}],"wp:term":[{"taxonomy":"category","embeddable":true,"href":"https:\/\/dynamicenergy.com.ar\/noticias\/wp-json\/wp\/v2\/categories?post=1741"},{"taxonomy":"post_tag","embeddable":true,"href":"https:\/\/dynamicenergy.com.ar\/noticias\/wp-json\/wp\/v2\/tags?post=1741"}],"curies":[{"name":"wp","href":"https:\/\/api.w.org\/{rel}","templated":true}]}}