{"id":1013,"date":"2022-11-18T13:00:21","date_gmt":"2022-11-18T16:00:21","guid":{"rendered":"https:\/\/dynamicenergy.com.ar\/noticias\/?p=1013"},"modified":"2022-11-18T13:00:21","modified_gmt":"2022-11-18T16:00:21","slug":"convocan-a-dos-audiencias-publicas-para-aumentar-las-tarifas-de-luz-y-gas","status":"publish","type":"post","link":"https:\/\/dynamicenergy.com.ar\/noticias\/convocan-a-dos-audiencias-publicas-para-aumentar-las-tarifas-de-luz-y-gas\/","title":{"rendered":"Convocan a dos audiencias p\u00fablicas para aumentar las tarifas de luz y gas"},"content":{"rendered":"<p>La convocatoria a audiencias p\u00fablicas tienen fecha para el 23 de enero v\u00eda web y el 6 de diciembre. En las mismas se debatir\u00e1n los porcentajes de aumento que se otorguen a las empresas distribuidoras de energ\u00eda y su aplicaci\u00f3n.<\/p>\n<h1>El caso de Edenor y Edesur<\/h1>\n<p>El Gobierno nacional busca aumentar los ingresos de Edenor y Edesur para que pueden abonar un porcentaje mayor en la energ\u00eda que vende la Compa\u00f1\u00eda Administradora del Mercado Mayorista El\u00e9ctrico (CAMMESA) y dejar de acrecentar la deuda actual con el ente.<\/p>\n<p>Fue el Ente Nacional Regulador de la Electricidad (ENRE) quien llam\u00f3 a una audiencia p\u00fablica para principios del 2023 con la intenci\u00f3n de aumentar los porcentajes en las tarifas del \u00c1rea Metropolitana de Buenos Aires (AMBA). Estas subas se sumar\u00edan a las registradas por la quita de subsidios a los usuarios de mayores ingresos.<\/p>\n<p>El reclamo de Edenor y Edesur sobre una recomposici\u00f3n de los ingresos tendr\u00eda un impacto en la facturaci\u00f3n de los usuarios de entre un 30% y un 40%. Actualmente, Edenor y Edesur est\u00e1n abonando alrededor del 30% de la factura de energ\u00eda que adquieren en CAMMESA, incrementando mes a mes su deuda. Esto se debe a que el porcentaje de aumentos aprobados para estas empresas no llega a cubrir los costos totales, mientras que el gobierno si aument\u00f3, por ejemplo, las tarifas para el transporte y el costo mayorista de la energ\u00eda. Tanto Edenor como Edesur tuvieron una menor recomposici\u00f3n tarifaria que otras distribuidoras el\u00e9ctricas del pa\u00eds; su \u00faltimo incremento fue del 8% en marzo y previamente, en 2021, acumularon aumentos por un 21% con una inflaci\u00f3n anual del 50,9% .<\/p>\n<p>Seg\u00fan informes, <a href=\"https:\/\/econojournal.com.ar\/2022\/10\/negocian-un-acuerdo-de-transicion-para-recomponer-en-un-60-los-ingresos-de-edenor-y-edesur\/\">las distribuidoras adeudan <\/a><strong>$ 500.000 millones a CAMMESA, <\/strong>siendo la mitad de Edenor y Edesur. Es por esto que la resoluci\u00f3n de audiencia p\u00fablica firmada por Walter Martello, interventor del ENRE, destaca que &#8220;resulta procedente la conveniencia de convocar a una audiencia p\u00fablica con el objeto de poner en conocimiento y escuchar opiniones respecto de las\u00a0<strong>propuestas de las concesionarias del servicio p\u00fablico de distribuci\u00f3n de energ\u00eda el\u00e9ctrica, tendientes a obtener una adecuaci\u00f3n transitoria de tarifas<\/strong>, ello dentro del proceso de renegociaci\u00f3n de la RTI (Revisi\u00f3n Tarifaria Integral) y con car\u00e1cter previo a definir las tarifas a aplicar por las concesionarias\u201d.\u00a0La audiencia se realizar\u00e1 por streaming el 23 de enero a partir de las 8.30hs y en base a lo discutido el Gobierno definir\u00e1 el aumento a otorgar a las distribuidoras de energ\u00eda el\u00e9ctrica.<\/p>\n<h2>Aumentos en las tarifas del gas<\/h2>\n<p>En el sector del gas, la Secretar\u00eda de Energ\u00eda convoc\u00f3 a otra audiencia p\u00fablica para el 6 de diciembre para tratar el traslado del precio del gas a las tarifas. En el caso de usuarios residenciales, pagan solo un 40% del precio de gas que reciben las productoras, generando un enorme desfazaje. Esta audiencia busca recomponer los ingresos de Metrogas, Naturgy y Camuzzi, entre otras, y podr\u00e1 participar cualquier persona humana, jur\u00eddica, p\u00fablica o privada interesada en el debate.<\/p>\n<p>\u2026\u2026\u2026\u2026\u2026\u2026\u2026\u2026\u2026\u2026\u2026\u2026\u2026\u2026\u2026\u2026\u2026\u2026\u2026\u2026\u2026\u2026\u2026\u2026\u2026\u2026\u2026\u2026\u2026\u2026\u2026\u2026\u2026\u2026\u2026\u2026\u2026\u2026\u2026\u2026\u2026\u2026\u2026\u2026\u2026\u2026\u2026\u2026\u2026\u2026\u2026\u2026\u2026\u2026\u2026\u2026\u2026\u2026\u2026\u2026\u2026\u2026\u2026\u2026<\/p>\n<p>En\u00a0<strong>Dynamic Energy Argentina<\/strong> ofrecemos soluciones energ\u00e9ticas para grandes empresas e industrias. Contamos con un servicio de Consultor\u00eda en Energ\u00eda El\u00e9ctrica y Gas que ayuda a optimizar costos en la cadena productiva, Auditor\u00edas en Eficiencia Energ\u00e9tica para realizar diagn\u00f3sticos sobre el consumo energ\u00e9tico y poder reducirlo y contamos con un exclusivo Software de Gesti\u00f3n de Energ\u00eda, que brinda informaci\u00f3n del comportamiento actual de la red el\u00e9ctrica, para prevenir fallas y mejorar su uso.<\/p>\n<p>\u00bfQuer\u00e9s conocer sobre los\u00a0<strong>servicios que brinda Dynamic Energy<\/strong>? Hace\u00a0<strong>click\u00a0<a href=\"https:\/\/www.dynamicenergy.com.ar\/Servicios.html\">aqu\u00ed<\/a><\/strong> o contactanos al mail <strong><a href=\"mailto:info@dynamicenergy.com.ar\" target=\"_blank\" rel=\"noopener\">info@dynamicenergy.com.ar<\/a><\/strong><\/p>\n","protected":false},"excerpt":{"rendered":"<p>La convocatoria a audiencias p\u00fablicas tienen fecha para el 23 de enero v\u00eda web y el 6 de diciembre. En las mismas se debatir\u00e1n los porcentajes de aumento que se otorguen a las empresas distribuidoras de energ\u00eda y su aplicaci\u00f3n. El caso de Edenor y Edesur El Gobierno nacional busca aumentar los ingresos de Edenor &hellip;<\/p>\n<p class=\"read-more\"> <a class=\"\" href=\"https:\/\/dynamicenergy.com.ar\/noticias\/convocan-a-dos-audiencias-publicas-para-aumentar-las-tarifas-de-luz-y-gas\/\"> <span class=\"screen-reader-text\">Convocan a dos audiencias p\u00fablicas para aumentar las tarifas de luz y gas<\/span> Leer m\u00e1s &raquo;<\/a><\/p>\n","protected":false},"author":2,"featured_media":1014,"comment_status":"open","ping_status":"open","sticky":false,"template":"","format":"standard","meta":{"footnotes":""},"categories":[1],"tags":[136,135,131,132,98,6,112,8,134,133,107,102,33],"class_list":["post-1013","post","type-post","status-publish","format-standard","has-post-thumbnail","hentry","category-noticias","tag-aumento-de-tarifas","tag-camuzzi","tag-edenor","tag-edesur","tag-electricidad","tag-energia","tag-gas","tag-luz","tag-metrogas","tag-naturgy","tag-segmentacion-de-tarifas","tag-subsidios","tag-tarifas"],"yoast_head":"<!-- This site is optimized with the Yoast SEO plugin v19.4 - https:\/\/yoast.com\/wordpress\/plugins\/seo\/ -->\n<title>Convocan a dos audiencias p\u00fablicas para aumentar las tarifas de luz y gas - Dynamic Energy News<\/title>\n<meta name=\"description\" content=\"Son dos audiencias p\u00fablicas en las que se debatir\u00e1n los aumentos que se otorguen a las empresas distribuidoras de energ\u00eda.\" \/>\n<meta name=\"robots\" content=\"index, follow, max-snippet:-1, max-image-preview:large, max-video-preview:-1\" \/>\n<link rel=\"canonical\" href=\"https:\/\/dynamicenergy.com.ar\/noticias\/convocan-a-dos-audiencias-publicas-para-aumentar-las-tarifas-de-luz-y-gas\/\" \/>\n<meta property=\"og:locale\" content=\"es_ES\" \/>\n<meta property=\"og:type\" content=\"article\" \/>\n<meta property=\"og:title\" content=\"Convocan a dos audiencias p\u00fablicas para aumentar las tarifas de luz y gas - Dynamic Energy News\" \/>\n<meta property=\"og:description\" content=\"Son dos audiencias p\u00fablicas en las que se debatir\u00e1n los aumentos que se otorguen a las empresas distribuidoras de energ\u00eda.\" \/>\n<meta property=\"og:url\" content=\"https:\/\/dynamicenergy.com.ar\/noticias\/convocan-a-dos-audiencias-publicas-para-aumentar-las-tarifas-de-luz-y-gas\/\" \/>\n<meta property=\"og:site_name\" content=\"Dynamic Energy News\" \/>\n<meta property=\"article:published_time\" content=\"2022-11-18T16:00:21+00:00\" \/>\n<meta property=\"og:image\" content=\"https:\/\/dynamicenergy.com.ar\/noticias\/wp-content\/uploads\/2022\/11\/Blog-Wordpress-Portadas-Dynamic-1-1.png\" \/>\n\t<meta property=\"og:image:width\" content=\"1200\" \/>\n\t<meta property=\"og:image:height\" content=\"900\" \/>\n\t<meta property=\"og:image:type\" content=\"image\/png\" \/>\n<meta name=\"author\" content=\"Prensa Dynamic Energy\" \/>\n<meta name=\"twitter:card\" content=\"summary_large_image\" \/>\n<meta name=\"twitter:label1\" content=\"Escrito por\" \/>\n\t<meta name=\"twitter:data1\" content=\"Prensa Dynamic Energy\" \/>\n\t<meta name=\"twitter:label2\" content=\"Tiempo de lectura\" \/>\n\t<meta name=\"twitter:data2\" content=\"3 minutos\" \/>\n<script type=\"application\/ld+json\" class=\"yoast-schema-graph\">{\"@context\":\"https:\/\/schema.org\",\"@graph\":[{\"@type\":\"Organization\",\"@id\":\"https:\/\/dynamicenergy.com.ar\/noticias\/#organization\",\"name\":\"Dynamic Energy\",\"url\":\"https:\/\/dynamicenergy.com.ar\/noticias\/\",\"sameAs\":[],\"logo\":{\"@type\":\"ImageObject\",\"inLanguage\":\"es\",\"@id\":\"https:\/\/dynamicenergy.com.ar\/noticias\/#\/schema\/logo\/image\/\",\"url\":\"https:\/\/dynamicenergy.com.ar\/noticias\/wp-content\/uploads\/2023\/01\/logo-dynamic-png.png\",\"contentUrl\":\"https:\/\/dynamicenergy.com.ar\/noticias\/wp-content\/uploads\/2023\/01\/logo-dynamic-png.png\",\"width\":1742,\"height\":375,\"caption\":\"Dynamic Energy\"},\"image\":{\"@id\":\"https:\/\/dynamicenergy.com.ar\/noticias\/#\/schema\/logo\/image\/\"}},{\"@type\":\"WebSite\",\"@id\":\"https:\/\/dynamicenergy.com.ar\/noticias\/#website\",\"url\":\"https:\/\/dynamicenergy.com.ar\/noticias\/\",\"name\":\"Dynamic Energy News\",\"description\":\"Las noticias m\u00e1s importantes del sector energ\u00e9tico\",\"publisher\":{\"@id\":\"https:\/\/dynamicenergy.com.ar\/noticias\/#organization\"},\"potentialAction\":[{\"@type\":\"SearchAction\",\"target\":{\"@type\":\"EntryPoint\",\"urlTemplate\":\"https:\/\/dynamicenergy.com.ar\/noticias\/?s={search_term_string}\"},\"query-input\":\"required name=search_term_string\"}],\"inLanguage\":\"es\"},{\"@type\":\"WebPage\",\"@id\":\"https:\/\/dynamicenergy.com.ar\/noticias\/convocan-a-dos-audiencias-publicas-para-aumentar-las-tarifas-de-luz-y-gas\/\",\"url\":\"https:\/\/dynamicenergy.com.ar\/noticias\/convocan-a-dos-audiencias-publicas-para-aumentar-las-tarifas-de-luz-y-gas\/\",\"name\":\"Convocan a dos audiencias p\u00fablicas para aumentar las tarifas de luz y gas - Dynamic Energy News\",\"isPartOf\":{\"@id\":\"https:\/\/dynamicenergy.com.ar\/noticias\/#website\"},\"datePublished\":\"2022-11-18T16:00:21+00:00\",\"dateModified\":\"2022-11-18T16:00:21+00:00\",\"description\":\"Son dos audiencias p\u00fablicas en las que se debatir\u00e1n los aumentos que se otorguen a las empresas distribuidoras de energ\u00eda.\",\"breadcrumb\":{\"@id\":\"https:\/\/dynamicenergy.com.ar\/noticias\/convocan-a-dos-audiencias-publicas-para-aumentar-las-tarifas-de-luz-y-gas\/#breadcrumb\"},\"inLanguage\":\"es\",\"potentialAction\":[{\"@type\":\"ReadAction\",\"target\":[\"https:\/\/dynamicenergy.com.ar\/noticias\/convocan-a-dos-audiencias-publicas-para-aumentar-las-tarifas-de-luz-y-gas\/\"]}]},{\"@type\":\"BreadcrumbList\",\"@id\":\"https:\/\/dynamicenergy.com.ar\/noticias\/convocan-a-dos-audiencias-publicas-para-aumentar-las-tarifas-de-luz-y-gas\/#breadcrumb\",\"itemListElement\":[{\"@type\":\"ListItem\",\"position\":1,\"name\":\"Portada\",\"item\":\"https:\/\/dynamicenergy.com.ar\/noticias\/\"},{\"@type\":\"ListItem\",\"position\":2,\"name\":\"Convocan a dos audiencias p\u00fablicas para aumentar las tarifas de luz y gas\"}]},{\"@type\":\"Article\",\"@id\":\"https:\/\/dynamicenergy.com.ar\/noticias\/convocan-a-dos-audiencias-publicas-para-aumentar-las-tarifas-de-luz-y-gas\/#article\",\"isPartOf\":{\"@id\":\"https:\/\/dynamicenergy.com.ar\/noticias\/convocan-a-dos-audiencias-publicas-para-aumentar-las-tarifas-de-luz-y-gas\/\"},\"author\":{\"name\":\"Prensa Dynamic Energy\",\"@id\":\"https:\/\/dynamicenergy.com.ar\/noticias\/#\/schema\/person\/2e8effa778a9a23aeb68689db1df49da\"},\"headline\":\"Convocan a dos audiencias p\u00fablicas para aumentar las tarifas de luz y gas\",\"datePublished\":\"2022-11-18T16:00:21+00:00\",\"dateModified\":\"2022-11-18T16:00:21+00:00\",\"mainEntityOfPage\":{\"@id\":\"https:\/\/dynamicenergy.com.ar\/noticias\/convocan-a-dos-audiencias-publicas-para-aumentar-las-tarifas-de-luz-y-gas\/\"},\"wordCount\":638,\"commentCount\":0,\"publisher\":{\"@id\":\"https:\/\/dynamicenergy.com.ar\/noticias\/#organization\"},\"keywords\":[\"aumento de tarifas\",\"camuzzi\",\"edenor\",\"edesur\",\"electricidad\",\"energ\u00eda\",\"gas\",\"luz\",\"metrogas\",\"naturgy\",\"segmentaci\u00f3n de tarifas\",\"subsidios\",\"tarifas\"],\"articleSection\":[\"Noticias\"],\"inLanguage\":\"es\",\"potentialAction\":[{\"@type\":\"CommentAction\",\"name\":\"Comment\",\"target\":[\"https:\/\/dynamicenergy.com.ar\/noticias\/convocan-a-dos-audiencias-publicas-para-aumentar-las-tarifas-de-luz-y-gas\/#respond\"]}]},{\"@type\":\"Person\",\"@id\":\"https:\/\/dynamicenergy.com.ar\/noticias\/#\/schema\/person\/2e8effa778a9a23aeb68689db1df49da\",\"name\":\"Prensa Dynamic Energy\",\"image\":{\"@type\":\"ImageObject\",\"inLanguage\":\"es\",\"@id\":\"https:\/\/dynamicenergy.com.ar\/noticias\/#\/schema\/person\/image\/\",\"url\":\"https:\/\/secure.gravatar.com\/avatar\/e59a223c475fada7a3b07ec0412e36881cf8c13443ce0ecfa748ff8c339f88b6?s=96&d=mm&r=g\",\"contentUrl\":\"https:\/\/secure.gravatar.com\/avatar\/e59a223c475fada7a3b07ec0412e36881cf8c13443ce0ecfa748ff8c339f88b6?s=96&d=mm&r=g\",\"caption\":\"Prensa Dynamic Energy\"},\"sameAs\":[\"https:\/\/dynamicenergy.com.ar\/blog\/\"],\"url\":\"https:\/\/dynamicenergy.com.ar\/noticias\/author\/laura\/\"}]}<\/script>\n<!-- \/ Yoast SEO plugin. -->","yoast_head_json":{"title":"Convocan a dos audiencias p\u00fablicas para aumentar las tarifas de luz y gas - Dynamic Energy News","description":"Son dos audiencias p\u00fablicas en las que se debatir\u00e1n los aumentos que se otorguen a las empresas distribuidoras de energ\u00eda.","robots":{"index":"index","follow":"follow","max-snippet":"max-snippet:-1","max-image-preview":"max-image-preview:large","max-video-preview":"max-video-preview:-1"},"canonical":"https:\/\/dynamicenergy.com.ar\/noticias\/convocan-a-dos-audiencias-publicas-para-aumentar-las-tarifas-de-luz-y-gas\/","og_locale":"es_ES","og_type":"article","og_title":"Convocan a dos audiencias p\u00fablicas para aumentar las tarifas de luz y gas - Dynamic Energy News","og_description":"Son dos audiencias p\u00fablicas en las que se debatir\u00e1n los aumentos que se otorguen a las empresas distribuidoras de energ\u00eda.","og_url":"https:\/\/dynamicenergy.com.ar\/noticias\/convocan-a-dos-audiencias-publicas-para-aumentar-las-tarifas-de-luz-y-gas\/","og_site_name":"Dynamic Energy News","article_published_time":"2022-11-18T16:00:21+00:00","og_image":[{"width":1200,"height":900,"url":"https:\/\/dynamicenergy.com.ar\/noticias\/wp-content\/uploads\/2022\/11\/Blog-Wordpress-Portadas-Dynamic-1-1.png","type":"image\/png"}],"author":"Prensa Dynamic Energy","twitter_card":"summary_large_image","twitter_misc":{"Escrito por":"Prensa Dynamic Energy","Tiempo de lectura":"3 minutos"},"schema":{"@context":"https:\/\/schema.org","@graph":[{"@type":"Organization","@id":"https:\/\/dynamicenergy.com.ar\/noticias\/#organization","name":"Dynamic Energy","url":"https:\/\/dynamicenergy.com.ar\/noticias\/","sameAs":[],"logo":{"@type":"ImageObject","inLanguage":"es","@id":"https:\/\/dynamicenergy.com.ar\/noticias\/#\/schema\/logo\/image\/","url":"https:\/\/dynamicenergy.com.ar\/noticias\/wp-content\/uploads\/2023\/01\/logo-dynamic-png.png","contentUrl":"https:\/\/dynamicenergy.com.ar\/noticias\/wp-content\/uploads\/2023\/01\/logo-dynamic-png.png","width":1742,"height":375,"caption":"Dynamic Energy"},"image":{"@id":"https:\/\/dynamicenergy.com.ar\/noticias\/#\/schema\/logo\/image\/"}},{"@type":"WebSite","@id":"https:\/\/dynamicenergy.com.ar\/noticias\/#website","url":"https:\/\/dynamicenergy.com.ar\/noticias\/","name":"Dynamic Energy News","description":"Las noticias m\u00e1s importantes del sector energ\u00e9tico","publisher":{"@id":"https:\/\/dynamicenergy.com.ar\/noticias\/#organization"},"potentialAction":[{"@type":"SearchAction","target":{"@type":"EntryPoint","urlTemplate":"https:\/\/dynamicenergy.com.ar\/noticias\/?s={search_term_string}"},"query-input":"required name=search_term_string"}],"inLanguage":"es"},{"@type":"WebPage","@id":"https:\/\/dynamicenergy.com.ar\/noticias\/convocan-a-dos-audiencias-publicas-para-aumentar-las-tarifas-de-luz-y-gas\/","url":"https:\/\/dynamicenergy.com.ar\/noticias\/convocan-a-dos-audiencias-publicas-para-aumentar-las-tarifas-de-luz-y-gas\/","name":"Convocan a dos audiencias p\u00fablicas para aumentar las tarifas de luz y gas - Dynamic Energy News","isPartOf":{"@id":"https:\/\/dynamicenergy.com.ar\/noticias\/#website"},"datePublished":"2022-11-18T16:00:21+00:00","dateModified":"2022-11-18T16:00:21+00:00","description":"Son dos audiencias p\u00fablicas en las que se debatir\u00e1n los aumentos que se otorguen a las empresas distribuidoras de energ\u00eda.","breadcrumb":{"@id":"https:\/\/dynamicenergy.com.ar\/noticias\/convocan-a-dos-audiencias-publicas-para-aumentar-las-tarifas-de-luz-y-gas\/#breadcrumb"},"inLanguage":"es","potentialAction":[{"@type":"ReadAction","target":["https:\/\/dynamicenergy.com.ar\/noticias\/convocan-a-dos-audiencias-publicas-para-aumentar-las-tarifas-de-luz-y-gas\/"]}]},{"@type":"BreadcrumbList","@id":"https:\/\/dynamicenergy.com.ar\/noticias\/convocan-a-dos-audiencias-publicas-para-aumentar-las-tarifas-de-luz-y-gas\/#breadcrumb","itemListElement":[{"@type":"ListItem","position":1,"name":"Portada","item":"https:\/\/dynamicenergy.com.ar\/noticias\/"},{"@type":"ListItem","position":2,"name":"Convocan a dos audiencias p\u00fablicas para aumentar las tarifas de luz y gas"}]},{"@type":"Article","@id":"https:\/\/dynamicenergy.com.ar\/noticias\/convocan-a-dos-audiencias-publicas-para-aumentar-las-tarifas-de-luz-y-gas\/#article","isPartOf":{"@id":"https:\/\/dynamicenergy.com.ar\/noticias\/convocan-a-dos-audiencias-publicas-para-aumentar-las-tarifas-de-luz-y-gas\/"},"author":{"name":"Prensa Dynamic Energy","@id":"https:\/\/dynamicenergy.com.ar\/noticias\/#\/schema\/person\/2e8effa778a9a23aeb68689db1df49da"},"headline":"Convocan a dos audiencias p\u00fablicas para aumentar las tarifas de luz y gas","datePublished":"2022-11-18T16:00:21+00:00","dateModified":"2022-11-18T16:00:21+00:00","mainEntityOfPage":{"@id":"https:\/\/dynamicenergy.com.ar\/noticias\/convocan-a-dos-audiencias-publicas-para-aumentar-las-tarifas-de-luz-y-gas\/"},"wordCount":638,"commentCount":0,"publisher":{"@id":"https:\/\/dynamicenergy.com.ar\/noticias\/#organization"},"keywords":["aumento de tarifas","camuzzi","edenor","edesur","electricidad","energ\u00eda","gas","luz","metrogas","naturgy","segmentaci\u00f3n de tarifas","subsidios","tarifas"],"articleSection":["Noticias"],"inLanguage":"es","potentialAction":[{"@type":"CommentAction","name":"Comment","target":["https:\/\/dynamicenergy.com.ar\/noticias\/convocan-a-dos-audiencias-publicas-para-aumentar-las-tarifas-de-luz-y-gas\/#respond"]}]},{"@type":"Person","@id":"https:\/\/dynamicenergy.com.ar\/noticias\/#\/schema\/person\/2e8effa778a9a23aeb68689db1df49da","name":"Prensa Dynamic Energy","image":{"@type":"ImageObject","inLanguage":"es","@id":"https:\/\/dynamicenergy.com.ar\/noticias\/#\/schema\/person\/image\/","url":"https:\/\/secure.gravatar.com\/avatar\/e59a223c475fada7a3b07ec0412e36881cf8c13443ce0ecfa748ff8c339f88b6?s=96&d=mm&r=g","contentUrl":"https:\/\/secure.gravatar.com\/avatar\/e59a223c475fada7a3b07ec0412e36881cf8c13443ce0ecfa748ff8c339f88b6?s=96&d=mm&r=g","caption":"Prensa Dynamic Energy"},"sameAs":["https:\/\/dynamicenergy.com.ar\/blog\/"],"url":"https:\/\/dynamicenergy.com.ar\/noticias\/author\/laura\/"}]}},"_links":{"self":[{"href":"https:\/\/dynamicenergy.com.ar\/noticias\/wp-json\/wp\/v2\/posts\/1013","targetHints":{"allow":["GET"]}}],"collection":[{"href":"https:\/\/dynamicenergy.com.ar\/noticias\/wp-json\/wp\/v2\/posts"}],"about":[{"href":"https:\/\/dynamicenergy.com.ar\/noticias\/wp-json\/wp\/v2\/types\/post"}],"author":[{"embeddable":true,"href":"https:\/\/dynamicenergy.com.ar\/noticias\/wp-json\/wp\/v2\/users\/2"}],"replies":[{"embeddable":true,"href":"https:\/\/dynamicenergy.com.ar\/noticias\/wp-json\/wp\/v2\/comments?post=1013"}],"version-history":[{"count":3,"href":"https:\/\/dynamicenergy.com.ar\/noticias\/wp-json\/wp\/v2\/posts\/1013\/revisions"}],"predecessor-version":[{"id":1017,"href":"https:\/\/dynamicenergy.com.ar\/noticias\/wp-json\/wp\/v2\/posts\/1013\/revisions\/1017"}],"wp:featuredmedia":[{"embeddable":true,"href":"https:\/\/dynamicenergy.com.ar\/noticias\/wp-json\/wp\/v2\/media\/1014"}],"wp:attachment":[{"href":"https:\/\/dynamicenergy.com.ar\/noticias\/wp-json\/wp\/v2\/media?parent=1013"}],"wp:term":[{"taxonomy":"category","embeddable":true,"href":"https:\/\/dynamicenergy.com.ar\/noticias\/wp-json\/wp\/v2\/categories?post=1013"},{"taxonomy":"post_tag","embeddable":true,"href":"https:\/\/dynamicenergy.com.ar\/noticias\/wp-json\/wp\/v2\/tags?post=1013"}],"curies":[{"name":"wp","href":"https:\/\/api.w.org\/{rel}","templated":true}]}}